{"id":23076,"date":"2018-02-27T07:46:45","date_gmt":"2018-02-27T12:46:45","guid":{"rendered":"http:\/\/elinformanteperu.com\/?p=23076"},"modified":"2018-02-27T07:46:45","modified_gmt":"2018-02-27T12:46:45","slug":"paolo-guerrero-fue-inscrito-por-el-flamengo-para-jugar-copa-libertadores","status":"publish","type":"post","link":"https:\/\/elinformanteperu.com\/index.php\/2018\/02\/27\/paolo-guerrero-fue-inscrito-por-el-flamengo-para-jugar-copa-libertadores\/","title":{"rendered":"Paolo Guerrero fue inscrito por el Flamengo para jugar Copa Libertadores"},"content":{"rendered":"<p><strong><span style=\"color: #000000;\">El delantero peruano Paolo Guerrero, actualmente suspendido, fue inscrito por el Flamengo de Brasil para disputar la Copa Libertadores 2018.<\/span><\/strong><\/p>\n<p><span style=\"color: #000000;\"><strong>Lima, 26 Febrero 2018, (ANDINA).-<\/strong> El delantero peruano Paolo Guerrero, actualmente suspendido, fue inscrito por el Flamengo de Brasil para disputar la Copa Libertadores 2018.<\/span><\/p>\n<p><span style=\"color: #000000;\">En la lista de 30 jugadores inscritos para jugar la Copa Libertadores 2018, tambi\u00e9n se encuentra el lateral peruano Miguel Trauco.<\/span><\/p>\n<p><span style=\"color: #000000;\">El Flamengo de Brasil integra el grupo 4 con River Plate de Argentina, Emelec de Ecuador y el Independiente Santa Fe de Colombia.<\/span><\/p>\n<p><span style=\"color: #000000;\">Anteriormente, se inform\u00f3 que el Flamengo se propone retomar la negociaci\u00f3n para la renovaci\u00f3n del contrato del delantero peruano Paolo Guerrero.<\/span><\/p>\n<p><span style=\"color: #000000;\">Guerrero, de 34 a\u00f1os, fue sancionado en noviembre pasado tras dar positivo por el metabolito de la coca\u00edna benzoilecgonina, que est\u00e1 incluido en la lista de los estimulantes prohibidos por la Agencia Mundial Antidopaje (AMA). seg\u00fan inform\u00f3 la agencia EFE.<\/span><\/p>\n<p><span style=\"color: #000000;\">La suspensi\u00f3n fue inicialmente por un a\u00f1o, pero la Comisi\u00f3n de Apelaciones de la FIFA la redujo en diciembre a seis meses, lo que le permitir\u00e1 volver a jugar el 3 de mayo pr\u00f3ximo con el Flamengo y hasta tener posibilidades de disputar el Mundial de Rusia 2018 con la selecci\u00f3n peruana.<\/span><\/p>\n<p><span style=\"color: #000000;\">El contrato del jugador con el Flamengo vence en agosto pr\u00f3ximo y hasta ahora el club manten\u00eda congeladas las negociaciones de cara a una posible renovaci\u00f3n, debido a esa situaci\u00f3n.<\/span><\/p>\n<p><img fetchpriority=\"high\" decoding=\"async\" class=\"aligncenter size-full wp-image-9672\" src=\"http:\/\/elinformanteperu.com\/wp-content\/uploads\/2017\/05\/paolo-guerrero-flamengo-titulo2.jpeg\" alt=\"\" width=\"1800\" height=\"1213\" srcset=\"https:\/\/elinformanteperu.com\/wp-content\/uploads\/2017\/05\/paolo-guerrero-flamengo-titulo2.jpeg 1800w, https:\/\/elinformanteperu.com\/wp-content\/uploads\/2017\/05\/paolo-guerrero-flamengo-titulo2-300x202.jpeg 300w, https:\/\/elinformanteperu.com\/wp-content\/uploads\/2017\/05\/paolo-guerrero-flamengo-titulo2-768x518.jpeg 768w, https:\/\/elinformanteperu.com\/wp-content\/uploads\/2017\/05\/paolo-guerrero-flamengo-titulo2-1024x690.jpeg 1024w, https:\/\/elinformanteperu.com\/wp-content\/uploads\/2017\/05\/paolo-guerrero-flamengo-titulo2-128x86.jpeg 128w, https:\/\/elinformanteperu.com\/wp-content\/uploads\/2017\/05\/paolo-guerrero-flamengo-titulo2-32x22.jpeg 32w\" sizes=\"(max-width: 1800px) 100vw, 1800px\" \/><\/p>\n","protected":false},"excerpt":{"rendered":"<p>El delantero peruano Paolo Guerrero, actualmente suspendido, fue inscrito por el Flamengo de Brasil para disputar la Copa Libertadores 2018. Lima, 26 Febrero 2018, (ANDINA).- El delantero peruano Paolo Guerrero, actualmente suspendido, fue inscrito por el Flamengo de Brasil para disputar la Copa Libertadores 2018. En la lista de 30 jugadores inscritos para jugar la [&hellip;]<\/p>\n","protected":false},"author":1,"featured_media":9665,"comment_status":"open","ping_status":"open","sticky":false,"template":"","format":"standard","meta":{"rop_custom_images_group":[],"rop_custom_messages_group":[],"rop_publish_now":"initial","rop_publish_now_accounts":[],"rop_publish_now_history":[],"rop_publish_now_status":"pending","footnotes":""},"categories":[8],"tags":[2583,227,203],"class_list":["post-23076","post","type-post","status-publish","format-standard","has-post-thumbnail","hentry","category-disciplinas-deportivas","tag-copa-libertadores-2018","tag-flamengo","tag-paolo-guerrero"],"_links":{"self":[{"href":"https:\/\/elinformanteperu.com\/index.php\/wp-json\/wp\/v2\/posts\/23076","targetHints":{"allow":["GET"]}}],"collection":[{"href":"https:\/\/elinformanteperu.com\/index.php\/wp-json\/wp\/v2\/posts"}],"about":[{"href":"https:\/\/elinformanteperu.com\/index.php\/wp-json\/wp\/v2\/types\/post"}],"author":[{"embeddable":true,"href":"https:\/\/elinformanteperu.com\/index.php\/wp-json\/wp\/v2\/users\/1"}],"replies":[{"embeddable":true,"href":"https:\/\/elinformanteperu.com\/index.php\/wp-json\/wp\/v2\/comments?post=23076"}],"version-history":[{"count":1,"href":"https:\/\/elinformanteperu.com\/index.php\/wp-json\/wp\/v2\/posts\/23076\/revisions"}],"predecessor-version":[{"id":23077,"href":"https:\/\/elinformanteperu.com\/index.php\/wp-json\/wp\/v2\/posts\/23076\/revisions\/23077"}],"wp:featuredmedia":[{"embeddable":true,"href":"https:\/\/elinformanteperu.com\/index.php\/wp-json\/wp\/v2\/media\/9665"}],"wp:attachment":[{"href":"https:\/\/elinformanteperu.com\/index.php\/wp-json\/wp\/v2\/media?parent=23076"}],"wp:term":[{"taxonomy":"category","embeddable":true,"href":"https:\/\/elinformanteperu.com\/index.php\/wp-json\/wp\/v2\/categories?post=23076"},{"taxonomy":"post_tag","embeddable":true,"href":"https:\/\/elinformanteperu.com\/index.php\/wp-json\/wp\/v2\/tags?post=23076"}],"curies":[{"name":"wp","href":"https:\/\/api.w.org\/{rel}","templated":true}]}}