{"id":23072,"date":"2018-02-27T00:17:50","date_gmt":"2018-02-27T05:17:50","guid":{"rendered":"http:\/\/elinformanteperu.com\/?p=23072"},"modified":"2018-02-27T00:17:50","modified_gmt":"2018-02-27T05:17:50","slug":"buffon-volvera-a-la-seleccion-italiana-ante-argentina-e-inglaterra","status":"publish","type":"post","link":"https:\/\/elinformanteperu.com\/index.php\/2018\/02\/27\/buffon-volvera-a-la-seleccion-italiana-ante-argentina-e-inglaterra\/","title":{"rendered":"Buffon volver\u00e1 a la selecci\u00f3n italiana ante Argentina e Inglaterra"},"content":{"rendered":"<p><span style=\"color: #000000;\"><strong>La leyenda del f\u00fatbol Gianluigi Buffon volver\u00e1 a la selecci\u00f3n italiana para los amistosos de marzo ante Inglaterra y Argentina.<\/strong><\/span><\/p>\n<p><span style=\"color: #000000;\"><strong>Florencia, 26 Febrero 2018, (ANDINA).<\/strong>&#8211; La leyenda del f\u00fatbol Gianluigi Buffon volver\u00e1 a la selecci\u00f3n italiana para los amistosos de marzo ante Inglaterra y Argentina porque \u00abno es justo que se retire tras el partido contra Suecia -eliminaci\u00f3n en la repesca al Mundial 2018-\u00ab, se\u00f1al\u00f3 este lunes el seleccionador transalpino Luigi Di Biagio.<\/span><\/p>\n<p><span style=\"color: #000000;\">\u00abHabl\u00e9 con \u00e9l, probablemente formar\u00e1 parte del grupo en marzo, un jugador como \u00e9l no puede parar despu\u00e9s de Suecia\u00bb, dijo el seleccionador interino.<\/span><\/p>\n<p><span style=\"color: #000000;\">Buffon llor\u00f3 al anunciar su retirada de la selecci\u00f3n italiana despu\u00e9s de perder 1-0 en la eliminatoria ante Suecia, en San Siro en noviembre, lo que provoc\u00f3 que la Azzurra quedara fuera del Mundial por primera vez desde 1958.<\/span><\/p>\n<p><span style=\"color: #000000;\">\u00abNo es justo que su \u00faltimo partido sea el de Suecia, por lo que le propuse volver para uno, quiz\u00e1s dos o tres partidos. Gigi probablmente estar\u00e1 aqu\u00ed en marzo\u00bb, explic\u00f3 Di Biagio sobre los duelos contra Argentina e Inglaterra, en M\u00e1nchester y en Londres el 23 y el 27 de marzo.<\/span><\/p>\n<p><span style=\"color: #000000;\">El portero de la Juventus, de 40 a\u00f1os, ha representado a Italia en las \u00faltimas dos d\u00e9cadas, ganando el Mundial en 2006 y batiendo un r\u00e9cord de 175 partidos internacionales.<\/span><\/p>\n<p><img fetchpriority=\"high\" decoding=\"async\" class=\"aligncenter size-full wp-image-23074\" src=\"http:\/\/elinformanteperu.com\/wp-content\/uploads\/2018\/02\/buffon1.jpg\" alt=\"\" width=\"1800\" height=\"1198\" srcset=\"https:\/\/elinformanteperu.com\/wp-content\/uploads\/2018\/02\/buffon1.jpg 1800w, https:\/\/elinformanteperu.com\/wp-content\/uploads\/2018\/02\/buffon1-300x200.jpg 300w, https:\/\/elinformanteperu.com\/wp-content\/uploads\/2018\/02\/buffon1-768x511.jpg 768w, https:\/\/elinformanteperu.com\/wp-content\/uploads\/2018\/02\/buffon1-1024x682.jpg 1024w, https:\/\/elinformanteperu.com\/wp-content\/uploads\/2018\/02\/buffon1-128x85.jpg 128w, https:\/\/elinformanteperu.com\/wp-content\/uploads\/2018\/02\/buffon1-32x21.jpg 32w\" sizes=\"(max-width: 1800px) 100vw, 1800px\" \/><\/p>\n","protected":false},"excerpt":{"rendered":"<p>La leyenda del f\u00fatbol Gianluigi Buffon volver\u00e1 a la selecci\u00f3n italiana para los amistosos de marzo ante Inglaterra y Argentina. Florencia, 26 Febrero 2018, (ANDINA).&#8211; La leyenda del f\u00fatbol Gianluigi Buffon volver\u00e1 a la selecci\u00f3n italiana para los amistosos de marzo ante Inglaterra y Argentina porque \u00abno es justo que se retire tras el partido [&hellip;]<\/p>\n","protected":false},"author":1,"featured_media":23073,"comment_status":"open","ping_status":"open","sticky":false,"template":"","format":"standard","meta":{"rop_custom_images_group":[],"rop_custom_messages_group":[],"rop_publish_now":"initial","rop_publish_now_accounts":[],"rop_publish_now_history":[],"rop_publish_now_status":"pending","footnotes":""},"categories":[8],"tags":[2424],"class_list":["post-23072","post","type-post","status-publish","format-standard","has-post-thumbnail","hentry","category-disciplinas-deportivas","tag-gianluigi-buffon"],"_links":{"self":[{"href":"https:\/\/elinformanteperu.com\/index.php\/wp-json\/wp\/v2\/posts\/23072","targetHints":{"allow":["GET"]}}],"collection":[{"href":"https:\/\/elinformanteperu.com\/index.php\/wp-json\/wp\/v2\/posts"}],"about":[{"href":"https:\/\/elinformanteperu.com\/index.php\/wp-json\/wp\/v2\/types\/post"}],"author":[{"embeddable":true,"href":"https:\/\/elinformanteperu.com\/index.php\/wp-json\/wp\/v2\/users\/1"}],"replies":[{"embeddable":true,"href":"https:\/\/elinformanteperu.com\/index.php\/wp-json\/wp\/v2\/comments?post=23072"}],"version-history":[{"count":1,"href":"https:\/\/elinformanteperu.com\/index.php\/wp-json\/wp\/v2\/posts\/23072\/revisions"}],"predecessor-version":[{"id":23075,"href":"https:\/\/elinformanteperu.com\/index.php\/wp-json\/wp\/v2\/posts\/23072\/revisions\/23075"}],"wp:featuredmedia":[{"embeddable":true,"href":"https:\/\/elinformanteperu.com\/index.php\/wp-json\/wp\/v2\/media\/23073"}],"wp:attachment":[{"href":"https:\/\/elinformanteperu.com\/index.php\/wp-json\/wp\/v2\/media?parent=23072"}],"wp:term":[{"taxonomy":"category","embeddable":true,"href":"https:\/\/elinformanteperu.com\/index.php\/wp-json\/wp\/v2\/categories?post=23072"},{"taxonomy":"post_tag","embeddable":true,"href":"https:\/\/elinformanteperu.com\/index.php\/wp-json\/wp\/v2\/tags?post=23072"}],"curies":[{"name":"wp","href":"https:\/\/api.w.org\/{rel}","templated":true}]}}