{"id":23069,"date":"2018-02-27T00:04:51","date_gmt":"2018-02-27T05:04:51","guid":{"rendered":"http:\/\/elinformanteperu.com\/?p=23069"},"modified":"2018-02-27T00:04:51","modified_gmt":"2018-02-27T05:04:51","slug":"lokomotiv-cuida-a-jefferson-farfan-para-duelos-ante-el-atletico-madrid","status":"publish","type":"post","link":"https:\/\/elinformanteperu.com\/index.php\/2018\/02\/27\/lokomotiv-cuida-a-jefferson-farfan-para-duelos-ante-el-atletico-madrid\/","title":{"rendered":"Lokomotiv cuida a Jefferson Farf\u00e1n para duelos ante el Atl\u00e9tico Madrid"},"content":{"rendered":"<p><strong><span style=\"color: #000000;\">El peruano Jefferson Farf\u00e1n, delantero del Lokomotiv Mosc\u00fa, se encuentra &#8216;entre algodones&#8217; tras sufrir una lesi\u00f3n muscular.<\/span><\/strong><\/p>\n<p><span style=\"color: #000000;\"><strong>Mosc\u00fa, 26 Febrero 2018, (ANDINA).-<\/strong> El peruano Jefferson Farf\u00e1n, delantero del Lokomotiv Mosc\u00fa, se encuentra &#8216;entre algodones&#8217; tras sufrir una lesi\u00f3n muscular en el partido de vuelta de los dieciseisavos de final de la Liga Europa ante el Niza.<\/span><\/p>\n<p><span style=\"color: #000000;\">El club mantiene un silencio sepulcral al respecto para no dar pistas a sus rivales, pero la prensa local ha informado sobre un desgarro, que podr\u00eda tener al peruano en el dique seco durante unas dos semanas.<\/span><\/p>\n<p><span style=\"color: #000000;\">Farf\u00e1n viaj\u00f3 a Turqu\u00eda con el resto del equipo, aunque no est\u00e1 entrenando y, en principio, es seria duda para el partido de liga del domingo ante el Spartak Mosc\u00fa, con el que el Lokomotiv reanudar\u00e1 la competici\u00f3n local tras m\u00e1s de dos meses de receso invernal.<\/span><\/p>\n<p><span style=\"color: #000000;\">El partido del domingo es importante, ya que el Lokomotiv es l\u00edder en solitario de la liga con ochos puntos de ventaja sobre el Zenit y el Spartak.<\/span><\/p>\n<p><span style=\"color: #000000;\">Con todo, teniendo en cuenta la importancia de Farf\u00e1n en el esquema de juego, el t\u00e9cnico del equipo, Yuri Si\u00f3min, podr\u00eda optar por no arriesgar y reservarlo para Madrid.<\/span><\/p>\n<p><strong><span style=\"color: #000000;\">Segunda juventud<\/span><\/strong><\/p>\n<p><span style=\"color: #000000;\">Farf\u00e1n, de 33 a\u00f1os, es uno de los grandes motivos por los que el equipo moscovita es l\u00edder y est\u00e1 en muy buena posici\u00f3n para ganar la liga por vez primera en catorce a\u00f1os, ya que entre septiembre y diciembre pasado tuvo un rendimiento espectacular.<\/span><\/p>\n<p><span style=\"color: #000000;\">Adem\u00e1s de marcar goles tanto en el campeonato ruso como en la Liga Europa, anot\u00f3 uno de los dos goles de Per\u00fa en la vuelta de la repesca mundialista ante Nueva Zelanda.<\/span><\/p>\n<p><span style=\"color: #000000;\">Antiguo compa\u00f1ero del madridista Ra\u00fal Gonz\u00e1lez en el Schalke y antes jugador del PSV Eindhoven, Farf\u00e1n vive una segunda juventud en Rusia tras tomarse entre 2015 y 2016 un breve retiro dorado en los Emiratos \u00c1rabes con el Al Jazira.<\/span><\/p>\n<p><span style=\"color: #000000;\">La cercan\u00eda del Mundial, que su pa\u00eds disputar\u00e1 por vez primera desde Espa\u00f1a 1982, le hizo cambiar de opini\u00f3n y el Lokomotiv est\u00e1 de enhorabuena, ya que su conexi\u00f3n con el portugu\u00e9s Fernandes est\u00e1 siendo muy fruct\u00edfera.<\/span><\/p>\n<p><img fetchpriority=\"high\" decoding=\"async\" class=\"aligncenter size-full wp-image-19260\" src=\"http:\/\/elinformanteperu.com\/wp-content\/uploads\/2017\/12\/farfan-lokomotiv5.jpg\" alt=\"\" width=\"1800\" height=\"1194\" srcset=\"https:\/\/elinformanteperu.com\/wp-content\/uploads\/2017\/12\/farfan-lokomotiv5.jpg 1800w, https:\/\/elinformanteperu.com\/wp-content\/uploads\/2017\/12\/farfan-lokomotiv5-300x199.jpg 300w, https:\/\/elinformanteperu.com\/wp-content\/uploads\/2017\/12\/farfan-lokomotiv5-768x509.jpg 768w, https:\/\/elinformanteperu.com\/wp-content\/uploads\/2017\/12\/farfan-lokomotiv5-1024x679.jpg 1024w, https:\/\/elinformanteperu.com\/wp-content\/uploads\/2017\/12\/farfan-lokomotiv5-128x85.jpg 128w, https:\/\/elinformanteperu.com\/wp-content\/uploads\/2017\/12\/farfan-lokomotiv5-32x21.jpg 32w\" sizes=\"(max-width: 1800px) 100vw, 1800px\" \/><\/p>\n","protected":false},"excerpt":{"rendered":"<p>El peruano Jefferson Farf\u00e1n, delantero del Lokomotiv Mosc\u00fa, se encuentra &#8216;entre algodones&#8217; tras sufrir una lesi\u00f3n muscular. Mosc\u00fa, 26 Febrero 2018, (ANDINA).- El peruano Jefferson Farf\u00e1n, delantero del Lokomotiv Mosc\u00fa, se encuentra &#8216;entre algodones&#8217; tras sufrir una lesi\u00f3n muscular en el partido de vuelta de los dieciseisavos de final de la Liga Europa ante el [&hellip;]<\/p>\n","protected":false},"author":1,"featured_media":23070,"comment_status":"open","ping_status":"open","sticky":false,"template":"","format":"standard","meta":{"rop_custom_images_group":[],"rop_custom_messages_group":[],"rop_publish_now":"initial","rop_publish_now_accounts":[],"rop_publish_now_history":[],"rop_publish_now_status":"pending","footnotes":""},"categories":[8],"tags":[670,2334],"class_list":["post-23069","post","type-post","status-publish","format-standard","has-post-thumbnail","hentry","category-disciplinas-deportivas","tag-jefferson-farfan","tag-lokomotiv"],"_links":{"self":[{"href":"https:\/\/elinformanteperu.com\/index.php\/wp-json\/wp\/v2\/posts\/23069","targetHints":{"allow":["GET"]}}],"collection":[{"href":"https:\/\/elinformanteperu.com\/index.php\/wp-json\/wp\/v2\/posts"}],"about":[{"href":"https:\/\/elinformanteperu.com\/index.php\/wp-json\/wp\/v2\/types\/post"}],"author":[{"embeddable":true,"href":"https:\/\/elinformanteperu.com\/index.php\/wp-json\/wp\/v2\/users\/1"}],"replies":[{"embeddable":true,"href":"https:\/\/elinformanteperu.com\/index.php\/wp-json\/wp\/v2\/comments?post=23069"}],"version-history":[{"count":1,"href":"https:\/\/elinformanteperu.com\/index.php\/wp-json\/wp\/v2\/posts\/23069\/revisions"}],"predecessor-version":[{"id":23071,"href":"https:\/\/elinformanteperu.com\/index.php\/wp-json\/wp\/v2\/posts\/23069\/revisions\/23071"}],"wp:featuredmedia":[{"embeddable":true,"href":"https:\/\/elinformanteperu.com\/index.php\/wp-json\/wp\/v2\/media\/23070"}],"wp:attachment":[{"href":"https:\/\/elinformanteperu.com\/index.php\/wp-json\/wp\/v2\/media?parent=23069"}],"wp:term":[{"taxonomy":"category","embeddable":true,"href":"https:\/\/elinformanteperu.com\/index.php\/wp-json\/wp\/v2\/categories?post=23069"},{"taxonomy":"post_tag","embeddable":true,"href":"https:\/\/elinformanteperu.com\/index.php\/wp-json\/wp\/v2\/tags?post=23069"}],"curies":[{"name":"wp","href":"https:\/\/api.w.org\/{rel}","templated":true}]}}