{"id":2306,"date":"2016-12-05T00:29:50","date_gmt":"2016-12-05T05:29:50","guid":{"rendered":"http:\/\/elinformanteperu.com\/?p=2306"},"modified":"2016-12-05T00:29:50","modified_gmt":"2016-12-05T05:29:50","slug":"comision-andina-de-juristas-dictara-dos-cursos-virtuales","status":"publish","type":"post","link":"https:\/\/elinformanteperu.com\/index.php\/2016\/12\/05\/comision-andina-de-juristas-dictara-dos-cursos-virtuales\/","title":{"rendered":"Comisi\u00f3n Andina de Juristas dictar\u00e1 dos cursos virtuales"},"content":{"rendered":"<p style=\"text-align: justify;\"><strong>La Comisi\u00f3n Andina de Juristas (CAJ) anuncia la realizaci\u00f3n de los cursos virtuales desde el 2 de enero del a\u00f1o 2017.\u00a0<\/strong><\/p>\n<p style=\"text-align: justify;\"><strong>Lima, 04 Diciembre 2016, (El Informante Per\u00fa).-<\/strong> La Comisi\u00f3n Andina de Juristas (CAJ) anuncia la realizaci\u00f3n de los cursos virtuales, \u201cJusticia Ind\u00edgena y Derechos Humanos en la Regi\u00f3n Andina\u201d y \u201cEl R\u00e9gimen de Empresas y Derechos Humanos en las Naciones Unidas y el Sistema Interamericano de Derechos Humanos\u201d desde el 2 de enero del a\u00f1o 2017.<\/p>\n<p style=\"text-align: justify;\">El curso sobre \u201cEl R\u00e9gimen de Empresas y Derechos Humanos en las Naciones Unidas y el Sistema Interamericano de Derechos Humanos\u201d ser\u00e1 dictado por el Mg. Salvador Herencia Carrasco, abogado por la Universidad de Los Andes (Colombia) y Mag\u00edster en Derecho (Ll.M.) por la Universidad de Ottawa, candidato a Doctor en Derecho y Director de la Cl\u00ednica de Derechos Humanos de la Universidad de Ottawa y consultor de la Comisi\u00f3n Andina de Juristas. Contar\u00e1 tambi\u00e9n con la participaci\u00f3n del Dr. Diego Garc\u00eda Say\u00e1n, actual Director Ejecutivo de la Comisi\u00f3n Andina de Juristas. El Dr. Garc\u00eda-Say\u00e1n ha sido juez y presidente de la Corte Interamericana de Derechos Humanos, as\u00ed como Ministro de Relaciones Exteriores y Ministro de Justicia. <strong>Fecha de inicio:<\/strong> 2 de enero 2017 &#8211; <strong>Horas lectivas:<\/strong> 58.<\/p>\n<p style=\"text-align: justify;\"><img fetchpriority=\"high\" decoding=\"async\" class=\"size-full wp-image-2308 aligncenter\" src=\"http:\/\/elinformanteperu.com\/wp-content\/uploads\/2016\/12\/caj-cursos1.jpg\" alt=\"caj-cursos1\" width=\"425\" height=\"638\" srcset=\"https:\/\/elinformanteperu.com\/wp-content\/uploads\/2016\/12\/caj-cursos1.jpg 425w, https:\/\/elinformanteperu.com\/wp-content\/uploads\/2016\/12\/caj-cursos1-200x300.jpg 200w, https:\/\/elinformanteperu.com\/wp-content\/uploads\/2016\/12\/caj-cursos1-85x128.jpg 85w, https:\/\/elinformanteperu.com\/wp-content\/uploads\/2016\/12\/caj-cursos1-21x32.jpg 21w\" sizes=\"(max-width: 425px) 100vw, 425px\" \/>Por otro lado, el curso sobre \u201cJusticia Ind\u00edgena y Derechos Humanos en la Regi\u00f3n Andina\u201dser\u00e1 dictado por la Mg. Mirva Aranda Escalante, abogada por la Pontificia Universidad Cat\u00f3lica del Per\u00fa, y Magister en Antropolog\u00eda, Derecho y Sociedad de la London School of Economics and Political Science de Inglaterra. La Mg. Aranda Escalante es especialista en temas de pueblos ind\u00edgenas, pluralismo jur\u00eddico, interculturalidad, derechos humanos y desarrollo sostenible y se desempe\u00f1a actualmente como consultora de la Comisi\u00f3n Andina de Juristas. El curso tambi\u00e9n contar\u00e1 con la participaci\u00f3n del Dr. Diego Garc\u00eda-Say\u00e1n. <strong>Fecha de inicio:<\/strong> 2 de enero 2017 &#8211; <strong>Horas lectivas:<\/strong> 60.<\/p>\n<p style=\"text-align: justify;\"><img decoding=\"async\" class=\"size-full wp-image-2309 aligncenter\" src=\"http:\/\/elinformanteperu.com\/wp-content\/uploads\/2016\/12\/caj-cursos.jpg\" alt=\"caj-cursos\" width=\"447\" height=\"638\" srcset=\"https:\/\/elinformanteperu.com\/wp-content\/uploads\/2016\/12\/caj-cursos.jpg 447w, https:\/\/elinformanteperu.com\/wp-content\/uploads\/2016\/12\/caj-cursos-210x300.jpg 210w, https:\/\/elinformanteperu.com\/wp-content\/uploads\/2016\/12\/caj-cursos-90x128.jpg 90w, https:\/\/elinformanteperu.com\/wp-content\/uploads\/2016\/12\/caj-cursos-22x32.jpg 22w\" sizes=\"(max-width: 447px) 100vw, 447px\" \/>Finalmente, los cursos est\u00e1n dirigidos a juristas, soci\u00f3logos, antrop\u00f3logos, ingenieros, comunicadores sociales, psic\u00f3logos, abogados, funcionarios p\u00fablicos, estudiantes universitarios y p\u00fablico en general. Para mayor informaci\u00f3n sobre matr\u00edcula, costo, metodolog\u00eda y programa, escribir al correo: <a href=\"etorres@cajpe.org.pe\"><strong>etorres@cajpe.org.pe<\/strong><\/a>; o ll\u00e1mar al 994522151. Descuento especial por inscripci\u00f3n hasta el 20 de diciembre.<\/p>\n","protected":false},"excerpt":{"rendered":"<p>La Comisi\u00f3n Andina de Juristas (CAJ) anuncia la realizaci\u00f3n de los cursos virtuales desde el 2 de enero del a\u00f1o 2017.\u00a0 Lima, 04 Diciembre 2016, (El Informante Per\u00fa).- La Comisi\u00f3n Andina de Juristas (CAJ) anuncia la realizaci\u00f3n de los cursos virtuales, \u201cJusticia Ind\u00edgena y Derechos Humanos en la Regi\u00f3n Andina\u201d y \u201cEl R\u00e9gimen de Empresas [&hellip;]<\/p>\n","protected":false},"author":1,"featured_media":2307,"comment_status":"open","ping_status":"open","sticky":false,"template":"","format":"standard","meta":{"rop_custom_images_group":[],"rop_custom_messages_group":[],"rop_publish_now":"initial","rop_publish_now_accounts":[],"rop_publish_now_history":[],"rop_publish_now_status":"pending","footnotes":""},"categories":[10],"tags":[462,461],"class_list":["post-2306","post","type-post","status-publish","format-standard","has-post-thumbnail","hentry","category-actualidad-municipal","tag-caj","tag-comision-andina-de-juristas"],"_links":{"self":[{"href":"https:\/\/elinformanteperu.com\/index.php\/wp-json\/wp\/v2\/posts\/2306","targetHints":{"allow":["GET"]}}],"collection":[{"href":"https:\/\/elinformanteperu.com\/index.php\/wp-json\/wp\/v2\/posts"}],"about":[{"href":"https:\/\/elinformanteperu.com\/index.php\/wp-json\/wp\/v2\/types\/post"}],"author":[{"embeddable":true,"href":"https:\/\/elinformanteperu.com\/index.php\/wp-json\/wp\/v2\/users\/1"}],"replies":[{"embeddable":true,"href":"https:\/\/elinformanteperu.com\/index.php\/wp-json\/wp\/v2\/comments?post=2306"}],"version-history":[{"count":1,"href":"https:\/\/elinformanteperu.com\/index.php\/wp-json\/wp\/v2\/posts\/2306\/revisions"}],"predecessor-version":[{"id":2310,"href":"https:\/\/elinformanteperu.com\/index.php\/wp-json\/wp\/v2\/posts\/2306\/revisions\/2310"}],"wp:featuredmedia":[{"embeddable":true,"href":"https:\/\/elinformanteperu.com\/index.php\/wp-json\/wp\/v2\/media\/2307"}],"wp:attachment":[{"href":"https:\/\/elinformanteperu.com\/index.php\/wp-json\/wp\/v2\/media?parent=2306"}],"wp:term":[{"taxonomy":"category","embeddable":true,"href":"https:\/\/elinformanteperu.com\/index.php\/wp-json\/wp\/v2\/categories?post=2306"},{"taxonomy":"post_tag","embeddable":true,"href":"https:\/\/elinformanteperu.com\/index.php\/wp-json\/wp\/v2\/tags?post=2306"}],"curies":[{"name":"wp","href":"https:\/\/api.w.org\/{rel}","templated":true}]}}