{"id":23057,"date":"2018-02-26T01:06:51","date_gmt":"2018-02-26T06:06:51","guid":{"rendered":"http:\/\/elinformanteperu.com\/?p=23057"},"modified":"2018-02-26T01:06:51","modified_gmt":"2018-02-26T06:06:51","slug":"proyecto-sobre-empleo-juvenil-ya-fenecio-y-no-se-retomara-afirma-violeta","status":"publish","type":"post","link":"https:\/\/elinformanteperu.com\/index.php\/2018\/02\/26\/proyecto-sobre-empleo-juvenil-ya-fenecio-y-no-se-retomara-afirma-violeta\/","title":{"rendered":"Proyecto sobre empleo juvenil ya feneci\u00f3 y no se retomar\u00e1, afirma Violeta"},"content":{"rendered":"<p><strong><span style=\"color: #000000;\">La iniciativa que propone una ley de formaci\u00f3n laboral juvenil sin remuneraci\u00f3n, ya feneci\u00f3 y no se volver\u00e1 a retomar, afirm\u00f3 el vocero de Peruanos por el Kambio (PPK), Gilbert Violeta.<\/span><\/strong><\/p>\n<p><span style=\"color: #000000;\"><strong>Lima, 25 Febrero 2018, (ANDINA).-<\/strong> La iniciativa que propone una ley de formaci\u00f3n laboral juvenil sin remuneraci\u00f3n, presentada por la congresista Rosa Bartra (FP), ya feneci\u00f3 y no se volver\u00e1 a retomar debido a la oposici\u00f3n que gener\u00f3, afirm\u00f3 el vocero de Peruanos por el Kambio (PPK), Gilbert Violeta.<\/span><\/p>\n<p><span style=\"color: #000000;\">Indic\u00f3 que cuando se tocan temas en el Congreso referidos a los j\u00f3venes, estas reformas no prosperan y puso como ejemplo un proyecto presentado por el exministro de Trabajo, Alfonso Grados, para crear un subsidio a la seguridad social, el cual \u201cnunca se toc\u00f3 en comisiones\u201d.<\/span><\/p>\n<p><span style=\"color: #000000;\">\u201cLos pol\u00edticos debemos escuchar a la calle y felizmente el proyecto presentado por Rosa Bartra pas\u00f3 a mejor vida. El fujimorismo dice que lo retomar\u00e1 m\u00e1s adelante, pero creo que no lo volver\u00e1 a tocar, porque ya feneci\u00f3\u201d, afirm\u00f3 en Canal N.<\/span><\/p>\n<p><span style=\"color: #000000;\">Violeta precis\u00f3 que, si bien existe una preocupaci\u00f3n v\u00e1lida por los j\u00f3venes cuando son estudiantes y no empiezan a trabajar, este tema \u201cdebi\u00f3 ser parte de una reforma integral\u201d.<\/span><\/p>\n<p><span style=\"color: #000000;\">La congresista Rosa Bartra present\u00f3 el proyecto de Ley de Modalidades Formativas Laborales, en el cual plantea que los j\u00f3venes con estudios t\u00e9cnicos podr\u00e1n trabajar (hacer sus pr\u00e1cticas laborables) hasta 20 horas semanales (cuatro horas diarias) para la empresa sin recibir un salario.<\/span><\/p>\n<p><strong><span style=\"color: #000000;\">Campa\u00f1a de demolici\u00f3n<\/span><\/strong><\/p>\n<p><span style=\"color: #000000;\">En otro momento, refiri\u00f3 que existe una campa\u00f1a de demolici\u00f3n contra el presidente de la Rep\u00fablica, Pedro Pablo Kuczynski, alentado por el fujimorismo y la izquierda radical.<\/span><\/p>\n<p><span style=\"color: #000000;\">Dijo que esta campa\u00f1a est\u00e1 generando encuestas con la baja aprobaci\u00f3n del jefe de Estado, ante el accionar de agrupaciones pol\u00edticas \u201cque buscan un cataclismo en el Per\u00fa\u201d.<\/span><\/p>\n<p><span style=\"color: #000000;\">De otro lado, explic\u00f3 que el proceso de reconstrucci\u00f3n en el norte y otras zonas afectadas por el Ni\u00f1o Costero, est\u00e1 mejorando permanentemente, raz\u00f3n por la cual \u201cno se parece a lo ocurrido tras el terremoto de Pisco, en 2007\u201d.<\/span><\/p>\n","protected":false},"excerpt":{"rendered":"<p>La iniciativa que propone una ley de formaci\u00f3n laboral juvenil sin remuneraci\u00f3n, ya feneci\u00f3 y no se volver\u00e1 a retomar, afirm\u00f3 el vocero de Peruanos por el Kambio (PPK), Gilbert Violeta. Lima, 25 Febrero 2018, (ANDINA).- La iniciativa que propone una ley de formaci\u00f3n laboral juvenil sin remuneraci\u00f3n, presentada por la congresista Rosa Bartra (FP), [&hellip;]<\/p>\n","protected":false},"author":1,"featured_media":19800,"comment_status":"open","ping_status":"open","sticky":false,"template":"","format":"standard","meta":{"rop_custom_images_group":[],"rop_custom_messages_group":[],"rop_publish_now":"initial","rop_publish_now_accounts":[],"rop_publish_now_history":[],"rop_publish_now_status":"pending","footnotes":""},"categories":[5],"tags":[192,847,73,525],"class_list":["post-23057","post","type-post","status-publish","format-standard","has-post-thumbnail","hentry","category-actualidad-informativa","tag-congreso","tag-gilbert-violeta","tag-ppk","tag-rosa-bartra"],"_links":{"self":[{"href":"https:\/\/elinformanteperu.com\/index.php\/wp-json\/wp\/v2\/posts\/23057","targetHints":{"allow":["GET"]}}],"collection":[{"href":"https:\/\/elinformanteperu.com\/index.php\/wp-json\/wp\/v2\/posts"}],"about":[{"href":"https:\/\/elinformanteperu.com\/index.php\/wp-json\/wp\/v2\/types\/post"}],"author":[{"embeddable":true,"href":"https:\/\/elinformanteperu.com\/index.php\/wp-json\/wp\/v2\/users\/1"}],"replies":[{"embeddable":true,"href":"https:\/\/elinformanteperu.com\/index.php\/wp-json\/wp\/v2\/comments?post=23057"}],"version-history":[{"count":1,"href":"https:\/\/elinformanteperu.com\/index.php\/wp-json\/wp\/v2\/posts\/23057\/revisions"}],"predecessor-version":[{"id":23058,"href":"https:\/\/elinformanteperu.com\/index.php\/wp-json\/wp\/v2\/posts\/23057\/revisions\/23058"}],"wp:featuredmedia":[{"embeddable":true,"href":"https:\/\/elinformanteperu.com\/index.php\/wp-json\/wp\/v2\/media\/19800"}],"wp:attachment":[{"href":"https:\/\/elinformanteperu.com\/index.php\/wp-json\/wp\/v2\/media?parent=23057"}],"wp:term":[{"taxonomy":"category","embeddable":true,"href":"https:\/\/elinformanteperu.com\/index.php\/wp-json\/wp\/v2\/categories?post=23057"},{"taxonomy":"post_tag","embeddable":true,"href":"https:\/\/elinformanteperu.com\/index.php\/wp-json\/wp\/v2\/tags?post=23057"}],"curies":[{"name":"wp","href":"https:\/\/api.w.org\/{rel}","templated":true}]}}