{"id":2303,"date":"2016-12-04T23:51:13","date_gmt":"2016-12-05T04:51:13","guid":{"rendered":"http:\/\/elinformanteperu.com\/?p=2303"},"modified":"2016-12-04T23:51:13","modified_gmt":"2016-12-05T04:51:13","slug":"mora-pide-al-congreso-ponerse-la-mano-al-pecho-y-no-llegar-a-la-censura","status":"publish","type":"post","link":"https:\/\/elinformanteperu.com\/index.php\/2016\/12\/04\/mora-pide-al-congreso-ponerse-la-mano-al-pecho-y-no-llegar-a-la-censura\/","title":{"rendered":"Mora pide al Congreso \u201cponerse la mano al pecho\u201d y no llegar a la censura"},"content":{"rendered":"<p style=\"text-align: justify;\"><strong>El extitular de la Comisi\u00f3n de Educaci\u00f3n del Congreso, Daniel Mora, pidi\u00f3 al Congreso reflexionar al momento de evaluar las respuestas del ministro de Educaci\u00f3n, Jaime Saavedra.<\/strong><\/p>\n<p style=\"text-align: justify;\"><strong>Lima, 04 Diciembre 2016, (ANDINA).-<\/strong> El extitular de la Comisi\u00f3n de Educaci\u00f3n del Congreso, Daniel Mora, pidi\u00f3 al Congreso reflexionar y pensar en los intereses del pa\u00eds, al momento de evaluar las respuestas del ministro de Educaci\u00f3n, Jaime Saavedra, en el pliego interpelatorio del pr\u00f3ximo mi\u00e9rcoles.<\/p>\n<p style=\"text-align: justify;\">\u201cHay que ponerse la mano al pecho y pensar en el Per\u00fa; si en la historia el Per\u00fa no ha progresado es en parte por la mezquindad, un gran problema del pa\u00eds, no caigamos en eso\u201d, indic\u00f3 en declaraciones a la Agencia Andina.<\/p>\n<p style=\"text-align: justify;\">Se\u00f1al\u00f3 que, si bien el tema de la censura al ministro se encuentra en boca de algunos legisladores, dijo esperar que esto finalmente no suceda, y record\u00f3 que Saavedra tom\u00f3 acciones respecto a los asuntos motivo de la interpelaci\u00f3n.<\/p>\n<p style=\"text-align: justify;\">En el caso de los Juegos Panamericanos, precis\u00f3, ya se han hecho las aclaraciones, y ya se investiga la presunta compra irregular de computadoras.<\/p>\n<p style=\"text-align: justify;\">Para Mora, no obstante, habr\u00eda una predisposici\u00f3n a no querer entender las respuestas del ministro de Educaci\u00f3n, y apuntar hacia la censura.<\/p>\n<p style=\"text-align: justify;\">De llegar a ese punto, el exparlamentario refiri\u00f3 que el Ejecutivo podr\u00eda evaluarse la posibilidad de plantear una cuesti\u00f3n de confianza.<\/p>\n<p style=\"text-align: justify;\">El Pleno del Congreso aprob\u00f3 por mayor\u00eda la interpelaci\u00f3n contra el ministro de Educaci\u00f3n, Jaime Saavedra, por presuntas irregularidades en la compra de computadoras y los Juegos Panamericanos 2019.<\/p>\n<p style=\"text-align: justify;\">La sesi\u00f3n plenaria en la cual el ministro responder\u00e1 un total de 18 preguntas ser\u00e1 el mi\u00e9rcoles 7 de diciembre, a partir las 09:00 horas.<\/p>\n<p style=\"text-align: justify;\">Saavedra garantiz\u00f3 que responder\u00e1 todas las preguntas del pliego interpelatorio y record\u00f3 que este mecanismo es parte del ejercicio democr\u00e1tico.<\/p>\n","protected":false},"excerpt":{"rendered":"<p>El extitular de la Comisi\u00f3n de Educaci\u00f3n del Congreso, Daniel Mora, pidi\u00f3 al Congreso reflexionar al momento de evaluar las respuestas del ministro de Educaci\u00f3n, Jaime Saavedra. Lima, 04 Diciembre 2016, (ANDINA).- El extitular de la Comisi\u00f3n de Educaci\u00f3n del Congreso, Daniel Mora, pidi\u00f3 al Congreso reflexionar y pensar en los intereses del pa\u00eds, al [&hellip;]<\/p>\n","protected":false},"author":1,"featured_media":2304,"comment_status":"open","ping_status":"open","sticky":false,"template":"","format":"standard","meta":{"rop_custom_images_group":[],"rop_custom_messages_group":[],"rop_publish_now":"initial","rop_publish_now_accounts":[],"rop_publish_now_history":[],"rop_publish_now_status":"pending","footnotes":""},"categories":[5],"tags":[192,444,286],"class_list":["post-2303","post","type-post","status-publish","format-standard","has-post-thumbnail","hentry","category-actualidad-informativa","tag-congreso","tag-daniel-mora","tag-jaime-saavedra"],"_links":{"self":[{"href":"https:\/\/elinformanteperu.com\/index.php\/wp-json\/wp\/v2\/posts\/2303","targetHints":{"allow":["GET"]}}],"collection":[{"href":"https:\/\/elinformanteperu.com\/index.php\/wp-json\/wp\/v2\/posts"}],"about":[{"href":"https:\/\/elinformanteperu.com\/index.php\/wp-json\/wp\/v2\/types\/post"}],"author":[{"embeddable":true,"href":"https:\/\/elinformanteperu.com\/index.php\/wp-json\/wp\/v2\/users\/1"}],"replies":[{"embeddable":true,"href":"https:\/\/elinformanteperu.com\/index.php\/wp-json\/wp\/v2\/comments?post=2303"}],"version-history":[{"count":1,"href":"https:\/\/elinformanteperu.com\/index.php\/wp-json\/wp\/v2\/posts\/2303\/revisions"}],"predecessor-version":[{"id":2305,"href":"https:\/\/elinformanteperu.com\/index.php\/wp-json\/wp\/v2\/posts\/2303\/revisions\/2305"}],"wp:featuredmedia":[{"embeddable":true,"href":"https:\/\/elinformanteperu.com\/index.php\/wp-json\/wp\/v2\/media\/2304"}],"wp:attachment":[{"href":"https:\/\/elinformanteperu.com\/index.php\/wp-json\/wp\/v2\/media?parent=2303"}],"wp:term":[{"taxonomy":"category","embeddable":true,"href":"https:\/\/elinformanteperu.com\/index.php\/wp-json\/wp\/v2\/categories?post=2303"},{"taxonomy":"post_tag","embeddable":true,"href":"https:\/\/elinformanteperu.com\/index.php\/wp-json\/wp\/v2\/tags?post=2303"}],"curies":[{"name":"wp","href":"https:\/\/api.w.org\/{rel}","templated":true}]}}