{"id":23013,"date":"2018-02-25T22:30:16","date_gmt":"2018-02-26T03:30:16","guid":{"rendered":"http:\/\/elinformanteperu.com\/?p=23013"},"modified":"2018-02-25T22:30:16","modified_gmt":"2018-02-26T03:30:16","slug":"gente-de-zona-llegara-a-lima-con-gaviota-de-oro-y-plata","status":"publish","type":"post","link":"https:\/\/elinformanteperu.com\/index.php\/2018\/02\/25\/gente-de-zona-llegara-a-lima-con-gaviota-de-oro-y-plata\/","title":{"rendered":"Gente de Zona llegar\u00e1 a Lima con Gaviota de Oro y Plata"},"content":{"rendered":"<p><strong><span style=\"color: #000000;\">Visiblemente emocionados, los integrantes del d\u00fao Gente de Zona, Alexander y Randy, recibieron las Gaviotas de Oro y Plata tras su actuaci\u00f3n en el Festival en Vi\u00f1a del Mar.<\/span><\/strong><\/p>\n<p><span style=\"color: #000000;\"><strong>Lima, 24 Febrero 2018, (El Informante Per\u00fa).-<\/strong> Visiblemente emocionados, los integrantes del d\u00fao Gente de Zona, Alexander y Randy, recibieron las Gaviotas de Oro y Plata tras su actuaci\u00f3n en el Festival en Vi\u00f1a del Mar, donde pr\u00e1cticamente \u00abdomaron\u00bb al denominado monstruo de la Quinta Vergara.<\/span><\/p>\n<p><span style=\"color: #000000;\">Los cubanos se llevaron ambos lauros ante la audiencia que abarrot\u00f3 la Quinta Vergara, que no dej\u00f3 de aplaudirlos durante toda la presentaci\u00f3n que acabo cerca de las cuatro de la madrugada.<\/span><\/p>\n<p><span style=\"color: #000000;\">\u201cGracias por hacer un sue\u00f1o realidad, gracias Chile. A todos los latinos les dedico esto y, en especial, a todos los cubanos. Porque nosotros representamos a la m\u00fasica cubana, los quiero mucho, Chile\u201d, manifest\u00f3 en sus redes sociales Alexander Delgado.<\/span><\/p>\n<p><span style=\"color: #000000;\">Por su parte Randy Malcom escribi\u00f3 que \u201cla emoci\u00f3n que tengo es muy grande\u2026 siempre so\u00f1\u00e9 estar en este evento tan importante y hoy se cumpli\u00f3 gracias a todo mi equipo\u201d.<\/span><\/p>\n<p><strong><span style=\"color: #000000;\">Ser\u00e1n parte de Barrio Latino<\/span><\/strong><\/p>\n<p><span style=\"color: #000000;\">La actuaci\u00f3n de los cubanos dur\u00f3 m\u00e1s de una hora, y fueron los encargados de cerrar la jornada combinando el ritmo de reggaeton con salsa cubana, a cargo de sus temas m\u00e1s exitosos, como Bailando, que popularizaron junto al espa\u00f1ol Enrique Iglesias.<\/span><\/p>\n<p><span style=\"color: #000000;\">Gente de Zona estar\u00e1 de regreso en Lima el pr\u00f3ximo 28 de abril, para ser parte de Barrio Latino, evento que congregar\u00e1 reegaet\u00f3n, trap y latin pop.<\/span><\/p>\n<p><span style=\"color: #000000;\">Las puertas para ser parte de esta fusi\u00f3n de g\u00e9neros urbanos se iniciar\u00e1 a las 15:00 horas.<\/span><\/p>\n<p><span style=\"color: #000000;\">Los cubanos compartir\u00e1n escenario con Nicky Jam, Farruko, De la Ghetto, Nacho, Abrahan Mateo, y Piso 21.<\/span><\/p>\n<p><span style=\"color: #000000;\">Las entradas est\u00e1n a la venta en todos los m\u00f3dulos de Teleticket de Wong y Metro y en <strong>www.teleticket.com.pe<\/strong><\/span><\/p>\n<p><iframe src=\"https:\/\/www.youtube-nocookie.com\/embed\/a264OYKTOj0?rel=0&amp;controls=0&amp;showinfo=0\" width=\"560\" height=\"315\" frameborder=\"0\" allowfullscreen=\"allowfullscreen\"><\/iframe><\/p>\n","protected":false},"excerpt":{"rendered":"<p>Visiblemente emocionados, los integrantes del d\u00fao Gente de Zona, Alexander y Randy, recibieron las Gaviotas de Oro y Plata tras su actuaci\u00f3n en el Festival en Vi\u00f1a del Mar. Lima, 24 Febrero 2018, (El Informante Per\u00fa).- Visiblemente emocionados, los integrantes del d\u00fao Gente de Zona, Alexander y Randy, recibieron las Gaviotas de Oro y Plata [&hellip;]<\/p>\n","protected":false},"author":1,"featured_media":23014,"comment_status":"open","ping_status":"open","sticky":false,"template":"","format":"standard","meta":{"rop_custom_images_group":[],"rop_custom_messages_group":[],"rop_publish_now":"initial","rop_publish_now_accounts":[],"rop_publish_now_history":[],"rop_publish_now_status":"pending","footnotes":""},"categories":[69],"tags":[222,2791],"class_list":["post-23013","post","type-post","status-publish","format-standard","has-post-thumbnail","hentry","category-musica","tag-gente-de-zona","tag-vina-del-mar-2018"],"_links":{"self":[{"href":"https:\/\/elinformanteperu.com\/index.php\/wp-json\/wp\/v2\/posts\/23013","targetHints":{"allow":["GET"]}}],"collection":[{"href":"https:\/\/elinformanteperu.com\/index.php\/wp-json\/wp\/v2\/posts"}],"about":[{"href":"https:\/\/elinformanteperu.com\/index.php\/wp-json\/wp\/v2\/types\/post"}],"author":[{"embeddable":true,"href":"https:\/\/elinformanteperu.com\/index.php\/wp-json\/wp\/v2\/users\/1"}],"replies":[{"embeddable":true,"href":"https:\/\/elinformanteperu.com\/index.php\/wp-json\/wp\/v2\/comments?post=23013"}],"version-history":[{"count":1,"href":"https:\/\/elinformanteperu.com\/index.php\/wp-json\/wp\/v2\/posts\/23013\/revisions"}],"predecessor-version":[{"id":23015,"href":"https:\/\/elinformanteperu.com\/index.php\/wp-json\/wp\/v2\/posts\/23013\/revisions\/23015"}],"wp:featuredmedia":[{"embeddable":true,"href":"https:\/\/elinformanteperu.com\/index.php\/wp-json\/wp\/v2\/media\/23014"}],"wp:attachment":[{"href":"https:\/\/elinformanteperu.com\/index.php\/wp-json\/wp\/v2\/media?parent=23013"}],"wp:term":[{"taxonomy":"category","embeddable":true,"href":"https:\/\/elinformanteperu.com\/index.php\/wp-json\/wp\/v2\/categories?post=23013"},{"taxonomy":"post_tag","embeddable":true,"href":"https:\/\/elinformanteperu.com\/index.php\/wp-json\/wp\/v2\/tags?post=23013"}],"curies":[{"name":"wp","href":"https:\/\/api.w.org\/{rel}","templated":true}]}}