{"id":22998,"date":"2018-02-25T21:09:45","date_gmt":"2018-02-26T02:09:45","guid":{"rendered":"http:\/\/elinformanteperu.com\/?p=22998"},"modified":"2018-02-25T21:09:45","modified_gmt":"2018-02-26T02:09:45","slug":"actor-stephen-fry-confirma-padecer-cancer-de-prostata","status":"publish","type":"post","link":"https:\/\/elinformanteperu.com\/index.php\/2018\/02\/25\/actor-stephen-fry-confirma-padecer-cancer-de-prostata\/","title":{"rendered":"Actor Stephen Fry confirma padecer c\u00e1ncer de pr\u00f3stata"},"content":{"rendered":"<p><strong><span style=\"color: #000000;\">El actor, comediante y director brit\u00e1nico Stephen Fry confirm\u00f3 que padece c\u00e1ncer de pr\u00f3stata en un video publicado en se web personal.<\/span><\/strong><\/p>\n<p><span style=\"color: #000000;\"><strong>Londres, 24 Febrero 2018, (PL).-<\/strong> El actor, comediante y director brit\u00e1nico Stephen Fry confirm\u00f3 que padece c\u00e1ncer de pr\u00f3stata en un video publicado en se web personal.<\/span><\/p>\n<p><span style=\"color: #000000;\">En el audiovisual, Fry explica que se recupera de una intervenci\u00f3n quir\u00fargica efectuada en enero a prop\u00f3sito de la enfermedad, diagnosticada a finales de 2017.<\/span><\/p>\n<p><span style=\"color: #000000;\">La revelaci\u00f3n del tambi\u00e9n escritor llega tras el anuncio de que no presentar\u00eda la ceremonia de entrega de los premios BAFTA el pasado 18 de febrero, responsabilidad que asumi\u00f3 a lo largo de una d\u00e9cada.<\/span><\/p>\n<p><span style=\"color: #000000;\">Fry se decidi\u00f3 por la cirug\u00eda para que le fuera extirpada la pr\u00f3stata tras valorar diferentes opciones, y finalmente el procedimiento se desarroll\u00f3 sin complicaciones, explica en el video.<\/span><\/p>\n<p><span style=\"color: #000000;\">&#8216;Ten\u00eda dos opciones: una era la de la radioterapia, pero me parec\u00eda que esa conllevar\u00eda un proceso demasiado largo y dif\u00edcil. Y la otra consist\u00eda en quitarme la pr\u00f3stata directamente, sacarla de m\u00ed&#8217;, dijo en la web.<\/span><\/p>\n<p><span style=\"color: #000000;\">Tras la intervenci\u00f3n, el artista de 60 a\u00f1os se dedica a descansar y reponerse en espera de los resultados del an\u00e1lisis que determina si el c\u00e1ncer desapareci\u00f3 definitivamente.<\/span><\/p>\n<p><span style=\"color: #000000;\">\u00e2\u20ac\u02dcPor el momento estoy bien y me siento en forma, y estoy feliz&#8217;, coment\u00f3 el brit\u00e1nico considerado entre los m\u00e1s importantes comediantes de la historia.<\/span><\/p>\n<p><span style=\"color: #000000;\">La extensa carrera art\u00edstica de Fry es reconocida con importantes premios como el de Mejor actor en el Festival de Cine Internacional de Seattle por su papel protag\u00f3nico en la pel\u00edcula Wilde, donde interpreta al escritor, poeta y dramaturgo Oscar Wilde.<\/span><\/p>\n<p><img fetchpriority=\"high\" decoding=\"async\" class=\"size-full wp-image-23000\" src=\"http:\/\/elinformanteperu.com\/wp-content\/uploads\/2018\/02\/Stephen-Fry1.jpg\" alt=\"\" width=\"620\" height=\"413\" srcset=\"https:\/\/elinformanteperu.com\/wp-content\/uploads\/2018\/02\/Stephen-Fry1.jpg 620w, https:\/\/elinformanteperu.com\/wp-content\/uploads\/2018\/02\/Stephen-Fry1-300x200.jpg 300w, https:\/\/elinformanteperu.com\/wp-content\/uploads\/2018\/02\/Stephen-Fry1-128x85.jpg 128w, https:\/\/elinformanteperu.com\/wp-content\/uploads\/2018\/02\/Stephen-Fry1-32x21.jpg 32w\" sizes=\"(max-width: 620px) 100vw, 620px\" \/><\/p>\n","protected":false},"excerpt":{"rendered":"<p>El actor, comediante y director brit\u00e1nico Stephen Fry confirm\u00f3 que padece c\u00e1ncer de pr\u00f3stata en un video publicado en se web personal. Londres, 24 Febrero 2018, (PL).- El actor, comediante y director brit\u00e1nico Stephen Fry confirm\u00f3 que padece c\u00e1ncer de pr\u00f3stata en un video publicado en se web personal. En el audiovisual, Fry explica que [&hellip;]<\/p>\n","protected":false},"author":1,"featured_media":22999,"comment_status":"open","ping_status":"open","sticky":false,"template":"","format":"standard","meta":{"rop_custom_images_group":[],"rop_custom_messages_group":[],"rop_publish_now":"initial","rop_publish_now_accounts":[],"rop_publish_now_history":[],"rop_publish_now_status":"pending","footnotes":""},"categories":[7],"tags":[2845],"class_list":["post-22998","post","type-post","status-publish","format-standard","has-post-thumbnail","hentry","category-butaca","tag-stephen-fry"],"_links":{"self":[{"href":"https:\/\/elinformanteperu.com\/index.php\/wp-json\/wp\/v2\/posts\/22998","targetHints":{"allow":["GET"]}}],"collection":[{"href":"https:\/\/elinformanteperu.com\/index.php\/wp-json\/wp\/v2\/posts"}],"about":[{"href":"https:\/\/elinformanteperu.com\/index.php\/wp-json\/wp\/v2\/types\/post"}],"author":[{"embeddable":true,"href":"https:\/\/elinformanteperu.com\/index.php\/wp-json\/wp\/v2\/users\/1"}],"replies":[{"embeddable":true,"href":"https:\/\/elinformanteperu.com\/index.php\/wp-json\/wp\/v2\/comments?post=22998"}],"version-history":[{"count":1,"href":"https:\/\/elinformanteperu.com\/index.php\/wp-json\/wp\/v2\/posts\/22998\/revisions"}],"predecessor-version":[{"id":23001,"href":"https:\/\/elinformanteperu.com\/index.php\/wp-json\/wp\/v2\/posts\/22998\/revisions\/23001"}],"wp:featuredmedia":[{"embeddable":true,"href":"https:\/\/elinformanteperu.com\/index.php\/wp-json\/wp\/v2\/media\/22999"}],"wp:attachment":[{"href":"https:\/\/elinformanteperu.com\/index.php\/wp-json\/wp\/v2\/media?parent=22998"}],"wp:term":[{"taxonomy":"category","embeddable":true,"href":"https:\/\/elinformanteperu.com\/index.php\/wp-json\/wp\/v2\/categories?post=22998"},{"taxonomy":"post_tag","embeddable":true,"href":"https:\/\/elinformanteperu.com\/index.php\/wp-json\/wp\/v2\/tags?post=22998"}],"curies":[{"name":"wp","href":"https:\/\/api.w.org\/{rel}","templated":true}]}}