{"id":22993,"date":"2018-02-25T14:11:31","date_gmt":"2018-02-25T19:11:31","guid":{"rendered":"http:\/\/elinformanteperu.com\/?p=22993"},"modified":"2018-02-25T14:11:31","modified_gmt":"2018-02-25T19:11:31","slug":"pelicula-peruana-retablo-obtiene-mencion-especial-en-la-berlinale","status":"publish","type":"post","link":"https:\/\/elinformanteperu.com\/index.php\/2018\/02\/25\/pelicula-peruana-retablo-obtiene-mencion-especial-en-la-berlinale\/","title":{"rendered":"Pel\u00edcula peruana \u00abRetablo\u00bb obtiene menci\u00f3n especial en la Berlinale"},"content":{"rendered":"<p><strong><span style=\"color: #000000;\">La pel\u00edcula peruana, \u00abRetablo\u00bb, del director \u00c1lvaro Delgado-Aparicio, obtuvo la menci\u00f3n especial del jurado juvenil en la entrega de premios de Generation14plus en la Berlinale 2018.<\/span><\/strong><\/p>\n<p><span style=\"color: #000000;\"><strong>Lima, 24 Febrero 2018, (El Informante Per\u00fa).-<\/strong> La pel\u00edcula peruana, \u00abRetablo\u00bb, del director \u00c1lvaro Delgado-Aparicio, obtuvo la menci\u00f3n especial del jurado juvenil en la entrega de premios de Generation14plus, secci\u00f3n del festival dedicada al p\u00fablico joven en la Berlinale 2018.<\/span><\/p>\n<p><span style=\"color: #000000;\">La cinta, coproducida con Alemania y Noruega, y hablada principalmente en quechua, se centra en las complejas relaciones entre el artesano de retablos No\u00e9 y su hijo Segundo, un ni\u00f1o en busca de certezas en una sociedad tradicional de la cordillera de los Andes.<\/span><\/p>\n<p><strong><span style=\"color: #000000;\">Cuatro premios a cinta paraguaya<\/span><\/strong><\/p>\n<p><span style=\"color: #000000;\">Por otro lado, la \u00f3pera prima del director Marcelo Martinessi sum\u00f3 dos galardones a los de la v\u00edspera, pues Ana Brun se alz\u00f3 con el Oso de Plata por mejor actriz principal y la pel\u00edcula el Alfred Bauer, reservado a las llamadas de nuevas perspectivas.<\/span><\/p>\n<p><span style=\"color: #000000;\">El viernes el primer filme paraguayo en competir por el Oso de Oro en el Festival Internacional de Cine de Berl\u00edn obtuvo el premio de la Federaci\u00f3n Internacional de Cr\u00edticos de Cine, y un Teddy que distingue a los de tem\u00e1tica LGBT, en paralelo al evento.<\/span><\/p>\n<p><span style=\"color: #000000;\">Las Herederas narra la historia de Chela (Ana Brun) y Chiquita (Margarita Ir\u00fan), una pareja que tras a\u00f1os de convivencia debe separarse por ingresar la segunda en prisi\u00f3n.<\/span><\/p>\n<p><span style=\"color: #000000;\">La rumana Touch me not, debut en estos menesteres de Adina Pintilie, fue la escogida por el jurado de la Berlinale para su m\u00e1ximo lauro, el Oso de Oro.<\/span><\/p>\n<p><iframe src=\"https:\/\/www.youtube-nocookie.com\/embed\/NQiv6aFe6M8?rel=0&amp;controls=0&amp;showinfo=0\" width=\"560\" height=\"315\" frameborder=\"0\" allowfullscreen=\"allowfullscreen\"><\/iframe><\/p>\n","protected":false},"excerpt":{"rendered":"<p>La pel\u00edcula peruana, \u00abRetablo\u00bb, del director \u00c1lvaro Delgado-Aparicio, obtuvo la menci\u00f3n especial del jurado juvenil en la entrega de premios de Generation14plus en la Berlinale 2018. Lima, 24 Febrero 2018, (El Informante Per\u00fa).- La pel\u00edcula peruana, \u00abRetablo\u00bb, del director \u00c1lvaro Delgado-Aparicio, obtuvo la menci\u00f3n especial del jurado juvenil en la entrega de premios de Generation14plus, [&hellip;]<\/p>\n","protected":false},"author":1,"featured_media":22245,"comment_status":"open","ping_status":"open","sticky":false,"template":"","format":"standard","meta":{"rop_custom_images_group":[],"rop_custom_messages_group":[],"rop_publish_now":"initial","rop_publish_now_accounts":[],"rop_publish_now_history":[],"rop_publish_now_status":"pending","footnotes":""},"categories":[7],"tags":[2844,2762,2761],"class_list":["post-22993","post","type-post","status-publish","format-standard","has-post-thumbnail","hentry","category-butaca","tag-alvaro-delgado-aparicio","tag-berlinale-2018","tag-retablo"],"_links":{"self":[{"href":"https:\/\/elinformanteperu.com\/index.php\/wp-json\/wp\/v2\/posts\/22993","targetHints":{"allow":["GET"]}}],"collection":[{"href":"https:\/\/elinformanteperu.com\/index.php\/wp-json\/wp\/v2\/posts"}],"about":[{"href":"https:\/\/elinformanteperu.com\/index.php\/wp-json\/wp\/v2\/types\/post"}],"author":[{"embeddable":true,"href":"https:\/\/elinformanteperu.com\/index.php\/wp-json\/wp\/v2\/users\/1"}],"replies":[{"embeddable":true,"href":"https:\/\/elinformanteperu.com\/index.php\/wp-json\/wp\/v2\/comments?post=22993"}],"version-history":[{"count":1,"href":"https:\/\/elinformanteperu.com\/index.php\/wp-json\/wp\/v2\/posts\/22993\/revisions"}],"predecessor-version":[{"id":22994,"href":"https:\/\/elinformanteperu.com\/index.php\/wp-json\/wp\/v2\/posts\/22993\/revisions\/22994"}],"wp:featuredmedia":[{"embeddable":true,"href":"https:\/\/elinformanteperu.com\/index.php\/wp-json\/wp\/v2\/media\/22245"}],"wp:attachment":[{"href":"https:\/\/elinformanteperu.com\/index.php\/wp-json\/wp\/v2\/media?parent=22993"}],"wp:term":[{"taxonomy":"category","embeddable":true,"href":"https:\/\/elinformanteperu.com\/index.php\/wp-json\/wp\/v2\/categories?post=22993"},{"taxonomy":"post_tag","embeddable":true,"href":"https:\/\/elinformanteperu.com\/index.php\/wp-json\/wp\/v2\/tags?post=22993"}],"curies":[{"name":"wp","href":"https:\/\/api.w.org\/{rel}","templated":true}]}}