{"id":22981,"date":"2018-02-24T14:55:07","date_gmt":"2018-02-24T19:55:07","guid":{"rendered":"http:\/\/elinformanteperu.com\/?p=22981"},"modified":"2018-02-24T14:55:42","modified_gmt":"2018-02-24T19:55:42","slug":"nick-park-presenta-el-cavernicola","status":"publish","type":"post","link":"https:\/\/elinformanteperu.com\/index.php\/2018\/02\/24\/nick-park-presenta-el-cavernicola\/","title":{"rendered":"Nick Park presenta &#8216;El Cavern\u00edcola&#8217;"},"content":{"rendered":"<p><span style=\"color: #000000;\"><strong>Uno de los realizadores m\u00e1s aclamados por los amantes de las pel\u00edculas de animaci\u00f3n, Nick Park nos trae a salas peruanas El Cavern\u00edcola, actualmente en cartelera.<\/strong><\/span><\/p>\n<p><span style=\"color: #000000;\"><strong>Lima, 23 Febrero 2018, (El Informante Per\u00fa).-<\/strong> Uno de los realizadores m\u00e1s aclamados por los amantes de las pel\u00edculas de animaci\u00f3n, Nick Park nos trae a salas peruanas El Cavern\u00edcola, actualmente en cartelera.<\/span><\/p>\n<p><span style=\"color: #000000;\">Nick Park, creador de los \u00edconos Wallace y Gromit y director de Pollitos en Fuga, nos presenta El Cavern\u00edcola, pel\u00edcula que trata sobre las aventuras de una disparatada tribu de cavern\u00edcolas que corren peligro al ser capturados. Dug y su compa\u00f1ero Hognob nos llevar\u00e1n hasta la prehistoria e intentar\u00e1n unir su tribu frente a la llegada de la era de bronce.<\/span><\/p>\n<p><span style=\"color: #000000;\">Eddie Redmayne es quien pone la voz al personaje protag\u00f3nico (Dug), quien se encontrar\u00e1 en medio de una batalla para salvar a gran tribu. Maisie Wiliams y Tom Hiddleston tambi\u00e9n pondr\u00e1n voces a los personajes de esta divertida historia animada.<\/span><\/p>\n<p><img fetchpriority=\"high\" decoding=\"async\" class=\"aligncenter size-full wp-image-22983\" src=\"http:\/\/elinformanteperu.com\/wp-content\/uploads\/2018\/02\/el-cavernicola1.jpg\" alt=\"\" width=\"2535\" height=\"1690\" srcset=\"https:\/\/elinformanteperu.com\/wp-content\/uploads\/2018\/02\/el-cavernicola1.jpg 2535w, https:\/\/elinformanteperu.com\/wp-content\/uploads\/2018\/02\/el-cavernicola1-300x200.jpg 300w, https:\/\/elinformanteperu.com\/wp-content\/uploads\/2018\/02\/el-cavernicola1-768x512.jpg 768w, https:\/\/elinformanteperu.com\/wp-content\/uploads\/2018\/02\/el-cavernicola1-1024x683.jpg 1024w, https:\/\/elinformanteperu.com\/wp-content\/uploads\/2018\/02\/el-cavernicola1-128x85.jpg 128w, https:\/\/elinformanteperu.com\/wp-content\/uploads\/2018\/02\/el-cavernicola1-32x21.jpg 32w\" sizes=\"(max-width: 2535px) 100vw, 2535px\" \/><\/p>\n<p><span style=\"color: #000000;\">El Cavern\u00edcola es una coproducci\u00f3n entre Reino Unido, Francia, Alemania, Australia y Nueva Zelanda, y se estrenar\u00e1 en salas peruanas este 22 de febrero. Adem\u00e1s el film trae de regreso a Nick Park como director del mismo tras doce a\u00f1os sin realizar ning\u00fan largometraje.<\/span><\/p>\n<p><span style=\"color: #000000;\">El director de animaci\u00f3n es Will Becher, reconocido por haber trabajado animaci\u00f3n stop \u2013 motion durante m\u00e1s de 20 a\u00f1os en estudios como Aardman y Laika en Wallace &amp; Gromit, The Pirates, Shaun the Sheep, Paranorman y ahora El Cavern\u00edcola que ya puedes verlo en tu cine favorito.<\/span><\/p>\n<p><img decoding=\"async\" class=\"aligncenter size-full wp-image-22984\" src=\"http:\/\/elinformanteperu.com\/wp-content\/uploads\/2018\/02\/el-cavernicola2.jpg\" alt=\"\" width=\"2016\" height=\"1344\" srcset=\"https:\/\/elinformanteperu.com\/wp-content\/uploads\/2018\/02\/el-cavernicola2.jpg 2016w, https:\/\/elinformanteperu.com\/wp-content\/uploads\/2018\/02\/el-cavernicola2-300x200.jpg 300w, https:\/\/elinformanteperu.com\/wp-content\/uploads\/2018\/02\/el-cavernicola2-768x512.jpg 768w, https:\/\/elinformanteperu.com\/wp-content\/uploads\/2018\/02\/el-cavernicola2-1024x683.jpg 1024w, https:\/\/elinformanteperu.com\/wp-content\/uploads\/2018\/02\/el-cavernicola2-128x85.jpg 128w, https:\/\/elinformanteperu.com\/wp-content\/uploads\/2018\/02\/el-cavernicola2-32x21.jpg 32w\" sizes=\"(max-width: 2016px) 100vw, 2016px\" \/><\/p>\n<p><strong><span style=\"color: #000000;\">Ficha T\u00e9cnica<\/span><\/strong><\/p>\n<p><span style=\"color: #000000;\"><strong>T\u00edtulo Original:<\/strong> Early Man<\/span><br \/>\n<span style=\"color: #000000;\"><strong>T\u00edtulo en espa\u00f1ol:<\/strong> El Cavern\u00edcola<\/span><br \/>\n<span style=\"color: #000000;\"><strong>Director:<\/strong> Nick Park<\/span><br \/>\n<span style=\"color: #000000;\"><strong>Pa\u00eds:<\/strong> UK<\/span><br \/>\n<span style=\"color: #000000;\"><strong>A\u00f1o:<\/strong> 2018<\/span><br \/>\n<span style=\"color: #000000;\"><strong>G\u00e9nero:<\/strong> Comedia\/Animaci\u00f3n<\/span><br \/>\n<span style=\"color: #000000;\"><strong>Versiones:<\/strong> Doblada.<\/span><\/p>\n<p><iframe src=\"https:\/\/www.youtube-nocookie.com\/embed\/VDvsFizDL9Y?rel=0&amp;controls=0&amp;showinfo=0\" width=\"560\" height=\"315\" frameborder=\"0\" allowfullscreen=\"allowfullscreen\"><\/iframe><\/p>\n","protected":false},"excerpt":{"rendered":"<p>Uno de los realizadores m\u00e1s aclamados por los amantes de las pel\u00edculas de animaci\u00f3n, Nick Park nos trae a salas peruanas El Cavern\u00edcola, actualmente en cartelera. Lima, 23 Febrero 2018, (El Informante Per\u00fa).- Uno de los realizadores m\u00e1s aclamados por los amantes de las pel\u00edculas de animaci\u00f3n, Nick Park nos trae a salas peruanas El [&hellip;]<\/p>\n","protected":false},"author":1,"featured_media":22982,"comment_status":"open","ping_status":"open","sticky":false,"template":"","format":"standard","meta":{"rop_custom_images_group":[],"rop_custom_messages_group":[],"rop_publish_now":"initial","rop_publish_now_accounts":[],"rop_publish_now_history":[],"rop_publish_now_status":"pending","footnotes":""},"categories":[7],"tags":[1807,488,2701],"class_list":["post-22981","post","type-post","status-publish","format-standard","has-post-thumbnail","hentry","category-butaca","tag-bf-distribution","tag-cine","tag-el-cavernicola"],"_links":{"self":[{"href":"https:\/\/elinformanteperu.com\/index.php\/wp-json\/wp\/v2\/posts\/22981","targetHints":{"allow":["GET"]}}],"collection":[{"href":"https:\/\/elinformanteperu.com\/index.php\/wp-json\/wp\/v2\/posts"}],"about":[{"href":"https:\/\/elinformanteperu.com\/index.php\/wp-json\/wp\/v2\/types\/post"}],"author":[{"embeddable":true,"href":"https:\/\/elinformanteperu.com\/index.php\/wp-json\/wp\/v2\/users\/1"}],"replies":[{"embeddable":true,"href":"https:\/\/elinformanteperu.com\/index.php\/wp-json\/wp\/v2\/comments?post=22981"}],"version-history":[{"count":1,"href":"https:\/\/elinformanteperu.com\/index.php\/wp-json\/wp\/v2\/posts\/22981\/revisions"}],"predecessor-version":[{"id":22985,"href":"https:\/\/elinformanteperu.com\/index.php\/wp-json\/wp\/v2\/posts\/22981\/revisions\/22985"}],"wp:featuredmedia":[{"embeddable":true,"href":"https:\/\/elinformanteperu.com\/index.php\/wp-json\/wp\/v2\/media\/22982"}],"wp:attachment":[{"href":"https:\/\/elinformanteperu.com\/index.php\/wp-json\/wp\/v2\/media?parent=22981"}],"wp:term":[{"taxonomy":"category","embeddable":true,"href":"https:\/\/elinformanteperu.com\/index.php\/wp-json\/wp\/v2\/categories?post=22981"},{"taxonomy":"post_tag","embeddable":true,"href":"https:\/\/elinformanteperu.com\/index.php\/wp-json\/wp\/v2\/tags?post=22981"}],"curies":[{"name":"wp","href":"https:\/\/api.w.org\/{rel}","templated":true}]}}