{"id":22973,"date":"2018-02-24T14:03:24","date_gmt":"2018-02-24T19:03:24","guid":{"rendered":"http:\/\/elinformanteperu.com\/?p=22973"},"modified":"2018-02-24T14:03:24","modified_gmt":"2018-02-24T19:03:24","slug":"realizan-trabajo-de-limpieza-tras-huayco-en-el-distrito-de-san-rafael-en-huanuco","status":"publish","type":"post","link":"https:\/\/elinformanteperu.com\/index.php\/2018\/02\/24\/realizan-trabajo-de-limpieza-tras-huayco-en-el-distrito-de-san-rafael-en-huanuco\/","title":{"rendered":"Realizan trabajo de limpieza tras huayco en el distrito de San Rafael en Hu\u00e1nuco"},"content":{"rendered":"<p><strong><span style=\"color: #000000;\">El Indeci informa que ayer, aproximadamente a las 17:20 horas, a consecuencia de las intensas lluvias, se activ\u00f3 la Quebrada Mollepampa, ocasionando un huayco.<\/span><\/strong><\/p>\n<p><span style=\"color: #000000;\"><strong>Lima, 23 Febrero 2018, (El Informante Per\u00fa).-<\/strong> El Instituto Nacional de Defensa Civil (Indeci) informa que ayer, aproximadamente a las 17:20 horas, a consecuencia de las intensas lluvias, se activ\u00f3 la Quebrada Mollepampa, ocasionando un huayco que afect\u00f3 v\u00edas de comunicaci\u00f3n en el distrito de San Rafael, provincia de Ambo, departamento de Hu\u00e1nuco.<\/span><\/p>\n<p><span style=\"color: #000000;\">Ante esta situaci\u00f3n, el Jefe de la Oficina de Defensa Civil de la Municipalidad Distrital de San Rafael y el personal del Ministerio de Transportes y Comunicaciones informaron que el tr\u00e1nsito se encuentra restringido.<\/span><\/p>\n<p><span style=\"color: #000000;\">La Concesionaria CONCAR S.A realiza los trabajos de limpieza en la v\u00eda afectada con maquinaria pesada, consistente en un cargador frontal y dos volquetes.<\/span><\/p>\n<p><span style=\"color: #000000;\">El Indeci, a trav\u00e9s del Centro de Operaciones de Emergencia Nacional &#8211; COEN, realiza el monitoreo y seguimiento de la situaci\u00f3n y coordina con las autoridades respectivas las acciones de respuesta ante la emergencia.<\/span><\/p>\n","protected":false},"excerpt":{"rendered":"<p>El Indeci informa que ayer, aproximadamente a las 17:20 horas, a consecuencia de las intensas lluvias, se activ\u00f3 la Quebrada Mollepampa, ocasionando un huayco. Lima, 23 Febrero 2018, (El Informante Per\u00fa).- El Instituto Nacional de Defensa Civil (Indeci) informa que ayer, aproximadamente a las 17:20 horas, a consecuencia de las intensas lluvias, se activ\u00f3 la [&hellip;]<\/p>\n","protected":false},"author":1,"featured_media":22974,"comment_status":"open","ping_status":"open","sticky":false,"template":"","format":"standard","meta":{"rop_custom_images_group":[],"rop_custom_messages_group":[],"rop_publish_now":"initial","rop_publish_now_accounts":[],"rop_publish_now_history":[],"rop_publish_now_status":"pending","footnotes":""},"categories":[10],"tags":[843,842,148],"class_list":["post-22973","post","type-post","status-publish","format-standard","has-post-thumbnail","hentry","category-actualidad-municipal","tag-coen","tag-huaycos","tag-indeci"],"_links":{"self":[{"href":"https:\/\/elinformanteperu.com\/index.php\/wp-json\/wp\/v2\/posts\/22973","targetHints":{"allow":["GET"]}}],"collection":[{"href":"https:\/\/elinformanteperu.com\/index.php\/wp-json\/wp\/v2\/posts"}],"about":[{"href":"https:\/\/elinformanteperu.com\/index.php\/wp-json\/wp\/v2\/types\/post"}],"author":[{"embeddable":true,"href":"https:\/\/elinformanteperu.com\/index.php\/wp-json\/wp\/v2\/users\/1"}],"replies":[{"embeddable":true,"href":"https:\/\/elinformanteperu.com\/index.php\/wp-json\/wp\/v2\/comments?post=22973"}],"version-history":[{"count":1,"href":"https:\/\/elinformanteperu.com\/index.php\/wp-json\/wp\/v2\/posts\/22973\/revisions"}],"predecessor-version":[{"id":22975,"href":"https:\/\/elinformanteperu.com\/index.php\/wp-json\/wp\/v2\/posts\/22973\/revisions\/22975"}],"wp:featuredmedia":[{"embeddable":true,"href":"https:\/\/elinformanteperu.com\/index.php\/wp-json\/wp\/v2\/media\/22974"}],"wp:attachment":[{"href":"https:\/\/elinformanteperu.com\/index.php\/wp-json\/wp\/v2\/media?parent=22973"}],"wp:term":[{"taxonomy":"category","embeddable":true,"href":"https:\/\/elinformanteperu.com\/index.php\/wp-json\/wp\/v2\/categories?post=22973"},{"taxonomy":"post_tag","embeddable":true,"href":"https:\/\/elinformanteperu.com\/index.php\/wp-json\/wp\/v2\/tags?post=22973"}],"curies":[{"name":"wp","href":"https:\/\/api.w.org\/{rel}","templated":true}]}}