{"id":22970,"date":"2018-02-24T14:00:40","date_gmt":"2018-02-24T19:00:40","guid":{"rendered":"http:\/\/elinformanteperu.com\/?p=22970"},"modified":"2018-02-24T14:00:40","modified_gmt":"2018-02-24T19:00:40","slug":"pension-65-inicia-este-lunes-primer-pago-del-2018-a-usuarios-en-1874-distritos","status":"publish","type":"post","link":"https:\/\/elinformanteperu.com\/index.php\/2018\/02\/24\/pension-65-inicia-este-lunes-primer-pago-del-2018-a-usuarios-en-1874-distritos\/","title":{"rendered":"Pensi\u00f3n 65 inicia este lunes primer pago del 2018 a usuarios en 1,874 distritos"},"content":{"rendered":"<p><strong><span style=\"color: #000000;\">El Programa Nacional de Asistencia Solidaria Pensi\u00f3n 65\u00a0 iniciar\u00e1 este lunes 26 de febrero el primer pago del a\u00f1o 2018 a sus 540,000 usuarios.<\/span><\/strong><\/p>\n<p><span style=\"color: #000000;\"><strong>Lima, 23 Febrero 2018, (ANDINA).-<\/strong> El Programa Nacional de Asistencia Solidaria Pensi\u00f3n 65 del Ministerio de Desarrollo e Inclusi\u00f3n Social (Midis) iniciar\u00e1 este lunes 26 de febrero el primer pago del a\u00f1o 2018 a sus 540,000 usuarios en los 1,874 distritos de todo el pa\u00eds, seg\u00fan el padr\u00f3n correspondiente al bimestre enero-febrero de 2018.<\/span><\/p>\n<p><span style=\"color: #000000;\">Son 430,926 adultos mayores en extrema pobreza los que cobran la subvenci\u00f3n econ\u00f3mica de 250 soles en las agencias del Banco de la Naci\u00f3n, mientras que 109,074 lo hacen a trav\u00e9s de puntos m\u00f3viles, a trav\u00e9s de Empresas Transportadoras de Valores.<\/span><\/p>\n<p><span style=\"color: #000000;\">A nivel nacional el pago se realiza en diferentes fechas, en un total de 928 puntos: 474 agencias bancarias y 454 puntos m\u00f3viles de pago o Empresas Transportadoras de Valores.<\/span><\/p>\n<p><span style=\"color: #000000;\">El director ejecutivo de Pensi\u00f3n 65, Doctor Heber Armas Melgarejo, indic\u00f3 que la subvenci\u00f3n econ\u00f3mica que otorga el Estado puede cobrarse durante todo el mes. \u201cPor lo tanto, no es necesario hacer colas desde el primer d\u00eda de pago en las oficinas del Banco de la Naci\u00f3n\u201d.<\/span><\/p>\n<p><span style=\"color: #000000;\">\u201cCoordinamos en los 24 departamentos del pa\u00eds con instituciones como las municipalidades, buscando que los usuarios sean informados oportunamente sobre los d\u00edas de los abonos y, de esta manera, evitar la innecesaria formaci\u00f3n de colas\u201d, expres\u00f3 Heber Armas.<\/span><\/p>\n<p><span style=\"color: #000000;\">En este sentido, el funcionario hizo un llamado a los usuarios, as\u00ed como a sus familiares, para evitar las aglomeraciones desde el primer d\u00eda de la entrega de la retribuci\u00f3n econ\u00f3mica, \u201cdado que el dep\u00f3sito de cada afiliado est\u00e1 asegurado, y podr\u00e1 disponer del efectivo en cualquier momento, inclusive despu\u00e9s del cronograma establecido\u201d.<\/span><\/p>\n<p><span style=\"color: #000000;\">Agreg\u00f3 que si un usuario se encontrara mal de salud, es recomendable que sus familiares gestionen, mediante una carta poder, la forma de pago.<\/span><\/p>\n<p><span style=\"color: #000000;\">El director ejecutivo de Pensi\u00f3n 65 explic\u00f3 que la cobertura mediante Empresas Transportadoras de Valores fue implementada tras identificar a adultos mayores que invert\u00edan altos costos en tiempo y dinero para trasladarse a las agencias bancarias.<\/span><\/p>\n","protected":false},"excerpt":{"rendered":"<p>El Programa Nacional de Asistencia Solidaria Pensi\u00f3n 65\u00a0 iniciar\u00e1 este lunes 26 de febrero el primer pago del a\u00f1o 2018 a sus 540,000 usuarios. Lima, 23 Febrero 2018, (ANDINA).- El Programa Nacional de Asistencia Solidaria Pensi\u00f3n 65 del Ministerio de Desarrollo e Inclusi\u00f3n Social (Midis) iniciar\u00e1 este lunes 26 de febrero el primer pago del [&hellip;]<\/p>\n","protected":false},"author":1,"featured_media":22971,"comment_status":"open","ping_status":"open","sticky":false,"template":"","format":"standard","meta":{"rop_custom_images_group":[],"rop_custom_messages_group":[],"rop_publish_now":"initial","rop_publish_now_accounts":[],"rop_publish_now_history":[],"rop_publish_now_status":"pending","footnotes":""},"categories":[10],"tags":[153,1292,2842],"class_list":["post-22970","post","type-post","status-publish","format-standard","has-post-thumbnail","hentry","category-actualidad-municipal","tag-midis","tag-ministerio-de-desarrollo-e-inclusion-social","tag-pension-65"],"_links":{"self":[{"href":"https:\/\/elinformanteperu.com\/index.php\/wp-json\/wp\/v2\/posts\/22970","targetHints":{"allow":["GET"]}}],"collection":[{"href":"https:\/\/elinformanteperu.com\/index.php\/wp-json\/wp\/v2\/posts"}],"about":[{"href":"https:\/\/elinformanteperu.com\/index.php\/wp-json\/wp\/v2\/types\/post"}],"author":[{"embeddable":true,"href":"https:\/\/elinformanteperu.com\/index.php\/wp-json\/wp\/v2\/users\/1"}],"replies":[{"embeddable":true,"href":"https:\/\/elinformanteperu.com\/index.php\/wp-json\/wp\/v2\/comments?post=22970"}],"version-history":[{"count":1,"href":"https:\/\/elinformanteperu.com\/index.php\/wp-json\/wp\/v2\/posts\/22970\/revisions"}],"predecessor-version":[{"id":22972,"href":"https:\/\/elinformanteperu.com\/index.php\/wp-json\/wp\/v2\/posts\/22970\/revisions\/22972"}],"wp:featuredmedia":[{"embeddable":true,"href":"https:\/\/elinformanteperu.com\/index.php\/wp-json\/wp\/v2\/media\/22971"}],"wp:attachment":[{"href":"https:\/\/elinformanteperu.com\/index.php\/wp-json\/wp\/v2\/media?parent=22970"}],"wp:term":[{"taxonomy":"category","embeddable":true,"href":"https:\/\/elinformanteperu.com\/index.php\/wp-json\/wp\/v2\/categories?post=22970"},{"taxonomy":"post_tag","embeddable":true,"href":"https:\/\/elinformanteperu.com\/index.php\/wp-json\/wp\/v2\/tags?post=22970"}],"curies":[{"name":"wp","href":"https:\/\/api.w.org\/{rel}","templated":true}]}}