{"id":22964,"date":"2018-02-24T13:45:36","date_gmt":"2018-02-24T18:45:36","guid":{"rendered":"http:\/\/elinformanteperu.com\/?p=22964"},"modified":"2018-02-24T13:46:34","modified_gmt":"2018-02-24T18:46:34","slug":"uvk-multicines-presenta-la-boheme-como-parte-del-metropolitan-opera-2018","status":"publish","type":"post","link":"https:\/\/elinformanteperu.com\/index.php\/2018\/02\/24\/uvk-multicines-presenta-la-boheme-como-parte-del-metropolitan-opera-2018\/","title":{"rendered":"UVK Multicines presenta &#8216;La Boh\u00e8me&#8217;, como parte del Metropolitan \u00d3pera 2018"},"content":{"rendered":"<p><strong><span style=\"color: #000000;\">La cadena, UVK Multicines contin\u00faa, en este mes de Febrero, con la presentaci\u00f3n de la temporada \u201cEl MET en vivo en HD 2017-2018\u201d, transmitida en m\u00e1s de 2 000 salas de cine en 71 pa\u00edses.<\/span><\/strong><\/p>\n<p><span style=\"color: #000000;\"><strong>Lima, 23 Febrero 2018, (El Informante Per\u00fa).-<\/strong> UVK Multicines contin\u00faa, en este mes de Febrero, con la presentaci\u00f3n de la temporada \u201cEl MET en vivo en HD 2017-2018\u201d, transmitida en m\u00e1s de 2 000 salas de cine en 71 pa\u00edses de todo el mundo, que va por su XII temporada y que llega al pa\u00eds gracias a la colaboraci\u00f3n de Radio Filarmon\u00eda.<\/span><\/p>\n<p><span style=\"color: #000000;\">En esta ocasi\u00f3n presenta \u201cLa Boh\u00e8me\u201d, a cargo del director Marco Armiliato. La funci\u00f3n es el s\u00e1bado 24 de febrero en exclusiva por UVK Platino Basadre y UVK Platino Panorama. Las entradas en preventa ya est\u00e1n disponible en UVK Platino Panorama y UVK Platino Basadre.<\/span><\/p>\n<p><img fetchpriority=\"high\" decoding=\"async\" class=\"aligncenter size-full wp-image-22965\" src=\"http:\/\/elinformanteperu.com\/wp-content\/uploads\/2018\/02\/La-Boheme1.jpg\" alt=\"\" width=\"800\" height=\"504\" srcset=\"https:\/\/elinformanteperu.com\/wp-content\/uploads\/2018\/02\/La-Boheme1.jpg 800w, https:\/\/elinformanteperu.com\/wp-content\/uploads\/2018\/02\/La-Boheme1-300x189.jpg 300w, https:\/\/elinformanteperu.com\/wp-content\/uploads\/2018\/02\/La-Boheme1-768x484.jpg 768w, https:\/\/elinformanteperu.com\/wp-content\/uploads\/2018\/02\/La-Boheme1-128x81.jpg 128w, https:\/\/elinformanteperu.com\/wp-content\/uploads\/2018\/02\/La-Boheme1-32x20.jpg 32w\" sizes=\"(max-width: 800px) 100vw, 800px\" \/><\/p>\n<p><span style=\"color: #000000;\">La \u00f3pera m\u00e1s popular del mundo vuelve al MET en la producci\u00f3n cl\u00e1sica de Franco Zeffirelli, protagonizada por un elenco de estrellas j\u00f3venes, incluyendo a Sonya Yoncheva como la fr\u00e1gil Mim\u00ed, a Michael Fabiano como el poeta Rodolfo, a Lucas Meachem como Marcello, Alexey Lavrov como Schaunard y a Matthew Rose como Colline.<\/span><\/p>\n<p><span style=\"color: #000000;\">La funci\u00f3n en vivo es el s\u00e1bado 24 de febrero en UVK Platino Basadre y UVK Platino Panorama a las 12:30 pm. Funci\u00f3n en diferido: lunes 26 de febrero y Mi\u00e9rcoles 28. Las entradas las puedes adquirir en la boleter\u00eda de los cines y v\u00eda <a href=\"http:\/\/www.uvkmulticines.com\/contenido_alternativo\"><strong>online<\/strong><\/a>.<\/span><\/p>\n<p><img decoding=\"async\" class=\"aligncenter size-full wp-image-22966\" src=\"http:\/\/elinformanteperu.com\/wp-content\/uploads\/2018\/02\/La-Boheme2.jpg\" alt=\"\" width=\"800\" height=\"531\" srcset=\"https:\/\/elinformanteperu.com\/wp-content\/uploads\/2018\/02\/La-Boheme2.jpg 800w, https:\/\/elinformanteperu.com\/wp-content\/uploads\/2018\/02\/La-Boheme2-300x199.jpg 300w, https:\/\/elinformanteperu.com\/wp-content\/uploads\/2018\/02\/La-Boheme2-768x510.jpg 768w, https:\/\/elinformanteperu.com\/wp-content\/uploads\/2018\/02\/La-Boheme2-128x85.jpg 128w, https:\/\/elinformanteperu.com\/wp-content\/uploads\/2018\/02\/La-Boheme2-32x21.jpg 32w\" sizes=\"(max-width: 800px) 100vw, 800px\" \/><\/p>\n","protected":false},"excerpt":{"rendered":"<p>La cadena, UVK Multicines contin\u00faa, en este mes de Febrero, con la presentaci\u00f3n de la temporada \u201cEl MET en vivo en HD 2017-2018\u201d, transmitida en m\u00e1s de 2 000 salas de cine en 71 pa\u00edses. Lima, 23 Febrero 2018, (El Informante Per\u00fa).- UVK Multicines contin\u00faa, en este mes de Febrero, con la presentaci\u00f3n de la [&hellip;]<\/p>\n","protected":false},"author":1,"featured_media":22967,"comment_status":"open","ping_status":"open","sticky":false,"template":"","format":"standard","meta":{"rop_custom_images_group":[],"rop_custom_messages_group":[],"rop_publish_now":"initial","rop_publish_now_accounts":[],"rop_publish_now_history":[],"rop_publish_now_status":"pending","footnotes":""},"categories":[7],"tags":[2841,547,1844],"class_list":["post-22964","post","type-post","status-publish","format-standard","has-post-thumbnail","hentry","category-butaca","tag-la-boheme","tag-uvk","tag-uvk-multicines"],"_links":{"self":[{"href":"https:\/\/elinformanteperu.com\/index.php\/wp-json\/wp\/v2\/posts\/22964","targetHints":{"allow":["GET"]}}],"collection":[{"href":"https:\/\/elinformanteperu.com\/index.php\/wp-json\/wp\/v2\/posts"}],"about":[{"href":"https:\/\/elinformanteperu.com\/index.php\/wp-json\/wp\/v2\/types\/post"}],"author":[{"embeddable":true,"href":"https:\/\/elinformanteperu.com\/index.php\/wp-json\/wp\/v2\/users\/1"}],"replies":[{"embeddable":true,"href":"https:\/\/elinformanteperu.com\/index.php\/wp-json\/wp\/v2\/comments?post=22964"}],"version-history":[{"count":2,"href":"https:\/\/elinformanteperu.com\/index.php\/wp-json\/wp\/v2\/posts\/22964\/revisions"}],"predecessor-version":[{"id":22969,"href":"https:\/\/elinformanteperu.com\/index.php\/wp-json\/wp\/v2\/posts\/22964\/revisions\/22969"}],"wp:featuredmedia":[{"embeddable":true,"href":"https:\/\/elinformanteperu.com\/index.php\/wp-json\/wp\/v2\/media\/22967"}],"wp:attachment":[{"href":"https:\/\/elinformanteperu.com\/index.php\/wp-json\/wp\/v2\/media?parent=22964"}],"wp:term":[{"taxonomy":"category","embeddable":true,"href":"https:\/\/elinformanteperu.com\/index.php\/wp-json\/wp\/v2\/categories?post=22964"},{"taxonomy":"post_tag","embeddable":true,"href":"https:\/\/elinformanteperu.com\/index.php\/wp-json\/wp\/v2\/tags?post=22964"}],"curies":[{"name":"wp","href":"https:\/\/api.w.org\/{rel}","templated":true}]}}