{"id":22955,"date":"2018-02-24T12:29:08","date_gmt":"2018-02-24T17:29:08","guid":{"rendered":"http:\/\/elinformanteperu.com\/?p=22955"},"modified":"2018-02-24T12:29:08","modified_gmt":"2018-02-24T17:29:08","slug":"oh-por-dios-viene-por-mas","status":"publish","type":"post","link":"https:\/\/elinformanteperu.com\/index.php\/2018\/02\/24\/oh-por-dios-viene-por-mas\/","title":{"rendered":"\u201c\u00a1Oh por Dios!\u201d viene por m\u00e1s"},"content":{"rendered":"<p><strong><span style=\"color: #000000;\">Va todos los mi\u00e9rcoles a las 8 de la noche, a partir del 21 de marzo, en el Teatro Mario Vargas Llosa de la Biblioteca Nacional, en San Borja<\/span><\/strong><\/p>\n<p><span style=\"color: #000000;\"><strong>Lima, 23 Febrero 2018, (El Informante Per\u00fa).-<\/strong> \u00a1M\u00e1s de 22 mil personas ya fueron a ver la divertida obra teatral \u201c\u00a1Oh por Dios\u201d que viene por m\u00e1s este 2018! A partir del 21 de marzo regresa en una nueva temporada al Teatro Mario Vargas Llosa de la Biblioteca Nacional, en San Borja. Va todos los mi\u00e9rcoles a las 8 de la noche.<\/span><\/p>\n<p><span style=\"color: #000000;\">Franco Cabrera, Guillermo Casta\u00f1eda y Manuel Gold har\u00e1n de las suyas en el espect\u00e1culo m\u00e1s divertido de la cartelera. Y la novedad, este a\u00f1o, es que habr\u00e1 un invitado especial querido por el p\u00fablico en cada una de las funciones. C\u00f3mo, d\u00f3nde y por qu\u00e9, lo descubrir\u00e1n el d\u00eda que asistan.<\/span><\/p>\n<p><span style=\"color: #000000;\">\u201c\u00a1Oh por Dios!\u201d es una creaci\u00f3n colectiva bajo la direcci\u00f3n de Roc\u00edo Tovar y la producci\u00f3n de La Nave Producciones en la que podr\u00e1n ser testigos de las locas aventuras de tres actores que pasar\u00e1n por una prueba de fe, mientras resuelven sus dudas existenciales y sus posturas frente a la vida y a la religi\u00f3n.<\/span><\/p>\n<p><img fetchpriority=\"high\" decoding=\"async\" class=\"aligncenter size-full wp-image-22957\" src=\"http:\/\/elinformanteperu.com\/wp-content\/uploads\/2018\/02\/oh-por-dios1.jpg\" alt=\"\" width=\"800\" height=\"533\" srcset=\"https:\/\/elinformanteperu.com\/wp-content\/uploads\/2018\/02\/oh-por-dios1.jpg 800w, https:\/\/elinformanteperu.com\/wp-content\/uploads\/2018\/02\/oh-por-dios1-300x200.jpg 300w, https:\/\/elinformanteperu.com\/wp-content\/uploads\/2018\/02\/oh-por-dios1-768x512.jpg 768w, https:\/\/elinformanteperu.com\/wp-content\/uploads\/2018\/02\/oh-por-dios1-128x85.jpg 128w, https:\/\/elinformanteperu.com\/wp-content\/uploads\/2018\/02\/oh-por-dios1-32x21.jpg 32w\" sizes=\"(max-width: 800px) 100vw, 800px\" \/><\/p>\n<p><span style=\"color: #000000;\">\u201c\u00a1Oh por Dios!\u201d ha tenido exitosas presentaciones en Teatro Ensamble (2015), Semana Universitaria de la Universidad de Lima (2015), Centro Cultural Boulevard Asia (2015), Centro Cultural Ricardo Palma (2016), Teatro Mario Vargas Llosa (2017), Teatro Plaza Norte (2017) y en ciudades del interior del pa\u00eds.<\/span><\/p>\n<p><span style=\"color: #000000;\">En el principio no hab\u00eda nada y dijo Dios: Sea la luz. Y fue la luz. Y vio Dios que la luz era buena: y apart\u00f3 Dios la luz de las tinieblas. Y llam\u00f3 Dios a la luz: D\u00eda. Y a las tinieblas las llam\u00f3: Noche. Y ese fue&#8230; El primer d\u00eda.<\/span><\/p>\n<p><span style=\"color: #000000;\">Es as\u00ed que Dios crea el universo y todas las plantas, animales, r\u00edos, quebradas, y especies que habitan en \u00e9l. As\u00ed como a Fabi\u00e1n Gatti, Ricardo And\u00fajar y Federico Mes\u00edas, tres j\u00f3venes actores, promesas del teatro nacional, que ser\u00e1n puestos a prueba por el mism\u00edsimo Dios.<\/span><\/p>\n<p><span style=\"color: #000000;\">Elegidos a la fuerza por Dios para contar la Biblia de manera divertida, tendr\u00e1n una hora y treinta minutos para resolver semejante reto. En el camino, sus diferentes puntos de vista sobre la religi\u00f3n los har\u00e1n chocar ocasionando m\u00e1s de un problema para llegar a tiempo a contar el libro m\u00e1s le\u00eddo de la historia.<\/span><\/p>\n<p><span style=\"color: #000000;\">\u201c\u00a1Oh por Dios!\u201d va desde el 21 de marzo del 2018 los mi\u00e9rcoles a las 8 de la noche en el Teatro Mario Vargas Llosa de la Biblioteca Nacional (Avenida De La Poes\u00eda 160 &#8211; San Borja).<\/span><\/p>\n<p><span style=\"color: #000000;\">Las entradas est\u00e1n a la venta en Entradas en Teleticket.<\/span><\/p>\n<p><img decoding=\"async\" class=\"aligncenter size-full wp-image-22958\" src=\"http:\/\/elinformanteperu.com\/wp-content\/uploads\/2018\/02\/oh-por-dios2.jpg\" alt=\"\" width=\"800\" height=\"533\" srcset=\"https:\/\/elinformanteperu.com\/wp-content\/uploads\/2018\/02\/oh-por-dios2.jpg 800w, https:\/\/elinformanteperu.com\/wp-content\/uploads\/2018\/02\/oh-por-dios2-300x200.jpg 300w, https:\/\/elinformanteperu.com\/wp-content\/uploads\/2018\/02\/oh-por-dios2-768x512.jpg 768w, https:\/\/elinformanteperu.com\/wp-content\/uploads\/2018\/02\/oh-por-dios2-128x85.jpg 128w, https:\/\/elinformanteperu.com\/wp-content\/uploads\/2018\/02\/oh-por-dios2-32x21.jpg 32w\" sizes=\"(max-width: 800px) 100vw, 800px\" \/><\/p>\n","protected":false},"excerpt":{"rendered":"<p>Va todos los mi\u00e9rcoles a las 8 de la noche, a partir del 21 de marzo, en el Teatro Mario Vargas Llosa de la Biblioteca Nacional, en San Borja Lima, 23 Febrero 2018, (El Informante Per\u00fa).- \u00a1M\u00e1s de 22 mil personas ya fueron a ver la divertida obra teatral \u201c\u00a1Oh por Dios\u201d que viene por [&hellip;]<\/p>\n","protected":false},"author":1,"featured_media":22956,"comment_status":"open","ping_status":"open","sticky":false,"template":"","format":"standard","meta":{"rop_custom_images_group":[],"rop_custom_messages_group":[],"rop_publish_now":"initial","rop_publish_now_accounts":[],"rop_publish_now_history":[],"rop_publish_now_status":"pending","footnotes":""},"categories":[70],"tags":[1625,2840],"class_list":["post-22955","post","type-post","status-publish","format-standard","has-post-thumbnail","hentry","category-farandula","tag-teatro","tag-teatro-mario-vargas-llosa"],"_links":{"self":[{"href":"https:\/\/elinformanteperu.com\/index.php\/wp-json\/wp\/v2\/posts\/22955","targetHints":{"allow":["GET"]}}],"collection":[{"href":"https:\/\/elinformanteperu.com\/index.php\/wp-json\/wp\/v2\/posts"}],"about":[{"href":"https:\/\/elinformanteperu.com\/index.php\/wp-json\/wp\/v2\/types\/post"}],"author":[{"embeddable":true,"href":"https:\/\/elinformanteperu.com\/index.php\/wp-json\/wp\/v2\/users\/1"}],"replies":[{"embeddable":true,"href":"https:\/\/elinformanteperu.com\/index.php\/wp-json\/wp\/v2\/comments?post=22955"}],"version-history":[{"count":1,"href":"https:\/\/elinformanteperu.com\/index.php\/wp-json\/wp\/v2\/posts\/22955\/revisions"}],"predecessor-version":[{"id":22959,"href":"https:\/\/elinformanteperu.com\/index.php\/wp-json\/wp\/v2\/posts\/22955\/revisions\/22959"}],"wp:featuredmedia":[{"embeddable":true,"href":"https:\/\/elinformanteperu.com\/index.php\/wp-json\/wp\/v2\/media\/22956"}],"wp:attachment":[{"href":"https:\/\/elinformanteperu.com\/index.php\/wp-json\/wp\/v2\/media?parent=22955"}],"wp:term":[{"taxonomy":"category","embeddable":true,"href":"https:\/\/elinformanteperu.com\/index.php\/wp-json\/wp\/v2\/categories?post=22955"},{"taxonomy":"post_tag","embeddable":true,"href":"https:\/\/elinformanteperu.com\/index.php\/wp-json\/wp\/v2\/tags?post=22955"}],"curies":[{"name":"wp","href":"https:\/\/api.w.org\/{rel}","templated":true}]}}