{"id":22887,"date":"2018-02-22T07:34:15","date_gmt":"2018-02-22T12:34:15","guid":{"rendered":"http:\/\/elinformanteperu.com\/?p=22887"},"modified":"2018-02-22T07:34:15","modified_gmt":"2018-02-22T12:34:15","slug":"accidente-de-transito-en-distrito-de-ocona-en-arequipa-deja-hasta-el-momento-43-fallecidos","status":"publish","type":"post","link":"https:\/\/elinformanteperu.com\/index.php\/2018\/02\/22\/accidente-de-transito-en-distrito-de-ocona-en-arequipa-deja-hasta-el-momento-43-fallecidos\/","title":{"rendered":"Accidente de tr\u00e1nsito en distrito de oco\u00f1a en Arequipa deja hasta el momento 43 fallecidos"},"content":{"rendered":"<p><strong><span style=\"color: #000000;\">El Instituto Nacional de Defensa Civil (INDECI) actualiza la informaci\u00f3n sobre el accidente de tr\u00e1nsito ocurrido aproximadamente a las 00:30 horas.<\/span><\/strong><\/p>\n<p><span style=\"color: #000000;\"><strong>Lima, 21 Febrero 2018, (El Informante Per\u00fa).-<\/strong> El Instituto Nacional de Defensa Civil (INDECI) actualiza la informaci\u00f3n sobre el accidente de tr\u00e1nsito ocurrido aproximadamente a las 00:30 horas, en el distrito de Oco\u00f1a, provincia de Caman\u00e1 en Arequipa, tras el despiste de la Empresa de Transportes \u201cRey Latino\u201d.<\/span><\/p>\n<p><span style=\"color: #000000;\">El Jefe de la Unidad de Rescate de la Divisi\u00f3n de Emergencia PNP de Arequipa inform\u00f3 que se recuperaron 43 cuerpos que fueron trasladados a la Morgue de Arequipa para las diligencias de ley. Asimismo 24 personas heridas fueron evacuadas al Hospital Honorio Delgado y Hospital Goyeneche de Arequipa.<\/span><\/p>\n<p><span style=\"color: #000000;\">En tanto, el Personal del Departamento de Investigaci\u00f3n de Accidentes de Tr\u00e1nsito de Arequipa realiza las diligencias correspondientes para la investigaci\u00f3n de lo ocurrido.<\/span><\/p>\n","protected":false},"excerpt":{"rendered":"<p>El Instituto Nacional de Defensa Civil (INDECI) actualiza la informaci\u00f3n sobre el accidente de tr\u00e1nsito ocurrido aproximadamente a las 00:30 horas. Lima, 21 Febrero 2018, (El Informante Per\u00fa).- El Instituto Nacional de Defensa Civil (INDECI) actualiza la informaci\u00f3n sobre el accidente de tr\u00e1nsito ocurrido aproximadamente a las 00:30 horas, en el distrito de Oco\u00f1a, provincia [&hellip;]<\/p>\n","protected":false},"author":1,"featured_media":20624,"comment_status":"open","ping_status":"open","sticky":false,"template":"","format":"standard","meta":{"rop_custom_images_group":[],"rop_custom_messages_group":[],"rop_publish_now":"initial","rop_publish_now_accounts":[],"rop_publish_now_history":[],"rop_publish_now_status":"pending","footnotes":""},"categories":[10],"tags":[148,438],"class_list":["post-22887","post","type-post","status-publish","format-standard","has-post-thumbnail","hentry","category-actualidad-municipal","tag-indeci","tag-pnp"],"_links":{"self":[{"href":"https:\/\/elinformanteperu.com\/index.php\/wp-json\/wp\/v2\/posts\/22887","targetHints":{"allow":["GET"]}}],"collection":[{"href":"https:\/\/elinformanteperu.com\/index.php\/wp-json\/wp\/v2\/posts"}],"about":[{"href":"https:\/\/elinformanteperu.com\/index.php\/wp-json\/wp\/v2\/types\/post"}],"author":[{"embeddable":true,"href":"https:\/\/elinformanteperu.com\/index.php\/wp-json\/wp\/v2\/users\/1"}],"replies":[{"embeddable":true,"href":"https:\/\/elinformanteperu.com\/index.php\/wp-json\/wp\/v2\/comments?post=22887"}],"version-history":[{"count":1,"href":"https:\/\/elinformanteperu.com\/index.php\/wp-json\/wp\/v2\/posts\/22887\/revisions"}],"predecessor-version":[{"id":22888,"href":"https:\/\/elinformanteperu.com\/index.php\/wp-json\/wp\/v2\/posts\/22887\/revisions\/22888"}],"wp:featuredmedia":[{"embeddable":true,"href":"https:\/\/elinformanteperu.com\/index.php\/wp-json\/wp\/v2\/media\/20624"}],"wp:attachment":[{"href":"https:\/\/elinformanteperu.com\/index.php\/wp-json\/wp\/v2\/media?parent=22887"}],"wp:term":[{"taxonomy":"category","embeddable":true,"href":"https:\/\/elinformanteperu.com\/index.php\/wp-json\/wp\/v2\/categories?post=22887"},{"taxonomy":"post_tag","embeddable":true,"href":"https:\/\/elinformanteperu.com\/index.php\/wp-json\/wp\/v2\/tags?post=22887"}],"curies":[{"name":"wp","href":"https:\/\/api.w.org\/{rel}","templated":true}]}}