{"id":22692,"date":"2018-02-14T23:31:12","date_gmt":"2018-02-15T04:31:12","guid":{"rendered":"http:\/\/elinformanteperu.com\/?p=22692"},"modified":"2018-02-14T23:31:12","modified_gmt":"2018-02-15T04:31:12","slug":"venezuela-rechaza-en-oea-criticas-de-grupo-de-lima-a-calendario-electoral","status":"publish","type":"post","link":"https:\/\/elinformanteperu.com\/index.php\/2018\/02\/14\/venezuela-rechaza-en-oea-criticas-de-grupo-de-lima-a-calendario-electoral\/","title":{"rendered":"Venezuela rechaza en OEA cr\u00edticas de Grupo de Lima a calendario electoral"},"content":{"rendered":"<p><strong><span style=\"color: #000000;\">La representaci\u00f3n de Venezuela ante la Organizaci\u00f3n de Estados Americanos (OEA) rechaz\u00f3 enf\u00e1ticamente las cr\u00edticas formuladas por el llamado Grupo de Lima.<\/span><\/strong><\/p>\n<p><span style=\"color: #000000;\"><strong>Washington, 14 Febrero 2018, (ANDINA).-<\/strong> La representaci\u00f3n de Venezuela ante la Organizaci\u00f3n de Estados Americanos (OEA) rechaz\u00f3 enf\u00e1ticamente las cr\u00edticas formuladas la v\u00edspera a su calendario electoral por los pa\u00edses que conforman el llamado Grupo de Lima.<\/span><\/p>\n<p><span style=\"color: #000000;\">Esos pa\u00edses se atribuyen una \u00abautoridad que nadie les ha otorgado para pretender desconocer nuestras instituciones\u00bb, dijo la m\u00e1xima representante venezolana ante la OEA, Carmen Luisa Vel\u00e1squez, quien lleg\u00f3 a referirse al grupo como \u00abC\u00e1rtel de Lima\u00bb.<\/span><\/p>\n<p><span style=\"color: #000000;\">Por su parte, el dirigente chavista Diosdado Cabello critic\u00f3 al Grupo de Lima por no reconocer a la oficialista Asamblea Constituyente (ANC) que en enero pasado orden\u00f3 el adelanto de los comicios presidenciales de Venezuela, fijados para el pr\u00f3ximo 22 de abril, lo que no es aceptado por la organizaci\u00f3n internacional.<\/span><\/p>\n<p><span style=\"color: #000000;\">\u00abEl llamado Grupo de Lima o grupo de grima (repulsivo), desde sus ombligos decretan la ilegitimidad de nuestra ANC, electa por nuestro Pueblo, uno se pregunta qui\u00e9n eligi\u00f3 a ese grupete para meterse en los asuntos internos de Venezuela?\u00bb, escribi\u00f3 Cabello, que adem\u00e1s es constituyente, en su cuenta de Twitter.<\/span><\/p>\n<p><span style=\"color: #000000;\">En el mismo escrito, el primer vicepresidente del gobernante Partido Socialista Unido de Venezuela (PSUV) se\u00f1al\u00f3: \u00abAqu\u00ed no somos perritos falderos del imperialismo!!\u00bb.<\/span><\/p>\n<p><span style=\"color: #000000;\">La Asamblea Nacional Constituyente, electa el 30 de julio pasado por solicitud del jefe de Estado, Nicol\u00e1s Maduro, y conformada solo por oficialistas, es un foro no reconocido por la oposici\u00f3n venezolana y por gobiernos de varios pa\u00edses que consideran que tanto su convocatoria como su elecci\u00f3n se hicieron de forma fraudulenta.<\/span><\/p>\n<p><span style=\"color: #000000;\">El Grupo de Lima, integrado por Argentina, Canad\u00e1, Chile, Colombia, Guatemala, Honduras, M\u00e9xico, Panam\u00e1, Paraguay, Per\u00fa, Brasil y Costa Rica, ha manifestado su rechazo a la convocatoria de elecciones adelantadas de la ANC y ha exigido un nuevo calendario electoral.<\/span><\/p>\n<p><span style=\"color: #000000;\">Ayer, tras una reuni\u00f3n que se celebr\u00f3 en Lima, el grupo de pa\u00edses americanos respald\u00f3 el anuncio del Gobierno peruano de declarar como \u00abno bienvenida\u00bb la presencia en la pr\u00f3xima Cumbre de las Am\u00e9ricas del mandatario venezolano, Nicol\u00e1s Maduro, para ratificar su rechazo al llamado a las presidenciales anticipadas en su pa\u00eds.<\/span><\/p>\n<p><span style=\"color: #000000;\">El grupo emiti\u00f3 una declaraci\u00f3n en la que reafirm\u00f3 que las votaciones presidenciales anunciadas por el oficialismo venezolano para el pr\u00f3ximo abril \u00abcarecer\u00e1n de toda legitimidad y credibilidad\u00bb.<\/span><\/p>\n","protected":false},"excerpt":{"rendered":"<p>La representaci\u00f3n de Venezuela ante la Organizaci\u00f3n de Estados Americanos (OEA) rechaz\u00f3 enf\u00e1ticamente las cr\u00edticas formuladas por el llamado Grupo de Lima. Washington, 14 Febrero 2018, (ANDINA).- La representaci\u00f3n de Venezuela ante la Organizaci\u00f3n de Estados Americanos (OEA) rechaz\u00f3 enf\u00e1ticamente las cr\u00edticas formuladas la v\u00edspera a su calendario electoral por los pa\u00edses que conforman el [&hellip;]<\/p>\n","protected":false},"author":1,"featured_media":22693,"comment_status":"open","ping_status":"open","sticky":false,"template":"","format":"standard","meta":{"rop_custom_images_group":[],"rop_custom_messages_group":[],"rop_publish_now":"initial","rop_publish_now_accounts":[],"rop_publish_now_history":[],"rop_publish_now_status":"pending","footnotes":""},"categories":[5],"tags":[2803,1974,2582,171],"class_list":["post-22692","post","type-post","status-publish","format-standard","has-post-thumbnail","hentry","category-actualidad-informativa","tag-grupo-de-lima","tag-nicolas-maduro","tag-oea","tag-venezuela"],"_links":{"self":[{"href":"https:\/\/elinformanteperu.com\/index.php\/wp-json\/wp\/v2\/posts\/22692","targetHints":{"allow":["GET"]}}],"collection":[{"href":"https:\/\/elinformanteperu.com\/index.php\/wp-json\/wp\/v2\/posts"}],"about":[{"href":"https:\/\/elinformanteperu.com\/index.php\/wp-json\/wp\/v2\/types\/post"}],"author":[{"embeddable":true,"href":"https:\/\/elinformanteperu.com\/index.php\/wp-json\/wp\/v2\/users\/1"}],"replies":[{"embeddable":true,"href":"https:\/\/elinformanteperu.com\/index.php\/wp-json\/wp\/v2\/comments?post=22692"}],"version-history":[{"count":1,"href":"https:\/\/elinformanteperu.com\/index.php\/wp-json\/wp\/v2\/posts\/22692\/revisions"}],"predecessor-version":[{"id":22694,"href":"https:\/\/elinformanteperu.com\/index.php\/wp-json\/wp\/v2\/posts\/22692\/revisions\/22694"}],"wp:featuredmedia":[{"embeddable":true,"href":"https:\/\/elinformanteperu.com\/index.php\/wp-json\/wp\/v2\/media\/22693"}],"wp:attachment":[{"href":"https:\/\/elinformanteperu.com\/index.php\/wp-json\/wp\/v2\/media?parent=22692"}],"wp:term":[{"taxonomy":"category","embeddable":true,"href":"https:\/\/elinformanteperu.com\/index.php\/wp-json\/wp\/v2\/categories?post=22692"},{"taxonomy":"post_tag","embeddable":true,"href":"https:\/\/elinformanteperu.com\/index.php\/wp-json\/wp\/v2\/tags?post=22692"}],"curies":[{"name":"wp","href":"https:\/\/api.w.org\/{rel}","templated":true}]}}