{"id":22671,"date":"2018-02-14T22:10:59","date_gmt":"2018-02-15T03:10:59","guid":{"rendered":"http:\/\/elinformanteperu.com\/?p=22671"},"modified":"2018-02-14T22:10:59","modified_gmt":"2018-02-15T03:10:59","slug":"varios-heridos-deja-incendio-de-centro-juvenil-de-rehabilitacion-en-trujillo","status":"publish","type":"post","link":"https:\/\/elinformanteperu.com\/index.php\/2018\/02\/14\/varios-heridos-deja-incendio-de-centro-juvenil-de-rehabilitacion-en-trujillo\/","title":{"rendered":"Varios heridos deja incendio de Centro Juvenil de Rehabilitaci\u00f3n en Trujillo"},"content":{"rendered":"<p><strong><span style=\"color: #000000;\">Varios adolescentes resultaron heridos en un incendio ocurrido en el Centro Juvenil de Diagn\u00f3stico y Rehabilitaci\u00f3n de Trujillo.<\/span><\/strong><\/p>\n<p><span style=\"color: #000000;\"><strong>Lima, 14 Febrero 2018, (ANDINA).-<\/strong> Varios adolescentes resultaron heridos en un incendio ocurrido en el Centro Juvenil de Diagn\u00f3stico y Rehabilitaci\u00f3n de Trujillo, conocido como Floresta, ubicado en el cercado de la ciudad.<\/span><\/p>\n<p><span style=\"color: #000000;\">Las familias de las v\u00edctimas se encuentran desesperadas por saber el estado de salud de los menores. El incendio se habr\u00eda producido por enfrentamiento entre internos en el segundo piso, donde se encontraban 36 menores.<\/span><\/p>\n<p><span style=\"color: #000000;\">La polic\u00eda acordon\u00f3 la zona para impedir que los familiares ingresen a este juvenil ubicado en la zona urbana, motivo por el cual tambi\u00e9n se han registrado varios conatos de enfrentamiento.<\/span><\/p>\n<p><span style=\"color: #000000;\">El alcalde Carlos Guevara solicit\u00f3 la reubicaci\u00f3n de este centro juvenil, debido a que se registran muchas cosas que ponen en peligro y en zozobra alrededor de 3,000 familias que viven en los alrededores.<\/span><\/p>\n<p><span style=\"color: #000000;\">Las ambulancias entran y salen del lugar para el traslado de los heridos, quienes presentan cuadros de asfixia y quemaduras.<\/span><\/p>\n","protected":false},"excerpt":{"rendered":"<p>Varios adolescentes resultaron heridos en un incendio ocurrido en el Centro Juvenil de Diagn\u00f3stico y Rehabilitaci\u00f3n de Trujillo. Lima, 14 Febrero 2018, (ANDINA).- Varios adolescentes resultaron heridos en un incendio ocurrido en el Centro Juvenil de Diagn\u00f3stico y Rehabilitaci\u00f3n de Trujillo, conocido como Floresta, ubicado en el cercado de la ciudad. Las familias de las [&hellip;]<\/p>\n","protected":false},"author":1,"featured_media":22672,"comment_status":"open","ping_status":"open","sticky":false,"template":"","format":"standard","meta":{"rop_custom_images_group":[],"rop_custom_messages_group":[],"rop_publish_now":"initial","rop_publish_now_accounts":[],"rop_publish_now_history":[],"rop_publish_now_status":"pending","footnotes":""},"categories":[10],"tags":[1362,1459],"class_list":["post-22671","post","type-post","status-publish","format-standard","has-post-thumbnail","hentry","category-actualidad-municipal","tag-municipalidad-provincial-de-trujillo","tag-region-la-libertad"],"_links":{"self":[{"href":"https:\/\/elinformanteperu.com\/index.php\/wp-json\/wp\/v2\/posts\/22671","targetHints":{"allow":["GET"]}}],"collection":[{"href":"https:\/\/elinformanteperu.com\/index.php\/wp-json\/wp\/v2\/posts"}],"about":[{"href":"https:\/\/elinformanteperu.com\/index.php\/wp-json\/wp\/v2\/types\/post"}],"author":[{"embeddable":true,"href":"https:\/\/elinformanteperu.com\/index.php\/wp-json\/wp\/v2\/users\/1"}],"replies":[{"embeddable":true,"href":"https:\/\/elinformanteperu.com\/index.php\/wp-json\/wp\/v2\/comments?post=22671"}],"version-history":[{"count":1,"href":"https:\/\/elinformanteperu.com\/index.php\/wp-json\/wp\/v2\/posts\/22671\/revisions"}],"predecessor-version":[{"id":22673,"href":"https:\/\/elinformanteperu.com\/index.php\/wp-json\/wp\/v2\/posts\/22671\/revisions\/22673"}],"wp:featuredmedia":[{"embeddable":true,"href":"https:\/\/elinformanteperu.com\/index.php\/wp-json\/wp\/v2\/media\/22672"}],"wp:attachment":[{"href":"https:\/\/elinformanteperu.com\/index.php\/wp-json\/wp\/v2\/media?parent=22671"}],"wp:term":[{"taxonomy":"category","embeddable":true,"href":"https:\/\/elinformanteperu.com\/index.php\/wp-json\/wp\/v2\/categories?post=22671"},{"taxonomy":"post_tag","embeddable":true,"href":"https:\/\/elinformanteperu.com\/index.php\/wp-json\/wp\/v2\/tags?post=22671"}],"curies":[{"name":"wp","href":"https:\/\/api.w.org\/{rel}","templated":true}]}}