{"id":22669,"date":"2018-02-14T22:07:03","date_gmt":"2018-02-15T03:07:03","guid":{"rendered":"http:\/\/elinformanteperu.com\/?p=22669"},"modified":"2018-02-14T22:07:03","modified_gmt":"2018-02-15T03:07:03","slug":"pelicula-de-guillermo-del-toro-aspirante-a-premios-oscar-canta-al-amor","status":"publish","type":"post","link":"https:\/\/elinformanteperu.com\/index.php\/2018\/02\/14\/pelicula-de-guillermo-del-toro-aspirante-a-premios-oscar-canta-al-amor\/","title":{"rendered":"Pel\u00edcula de Guillermo Del Toro, aspirante a Premios Oscar, canta al amor"},"content":{"rendered":"<p><strong><span style=\"color: #000000;\">El filme surrealista &#8216;La forma del agua&#8217; alude al amor y a las emociones con un inmediato enfoque al poder del silencio, afirm\u00f3 su director Guillermo del Toro.<\/span><\/strong><\/p>\n<p><span style=\"color: #000000;\"><strong>Madrid, 14 Febrero 2018, (PL).-<\/strong> El filme surrealista La forma del agua alude al amor y a las emociones con un inmediato enfoque al poder del silencio que envuelve una sincera f\u00f3rmula de comunicaci\u00f3n, afirm\u00f3 su director Guillermo del Toro.<\/span><\/p>\n<p><span style=\"color: #000000;\">Con una f\u00e1bula en la que el cineasta mezcla fantas\u00eda, mucha ternura y pol\u00edtica, la cinta fue nominada en 13 categor\u00edas a los Premios Oscar que se entregar\u00e1n el 4 de marzo.<\/span><\/p>\n<p><span style=\"color: #000000;\">&#8216;Todo nos incita al odio, nos falta capacidad para amar&#8217;, dijo el realizador en conferencia de prensa.<\/span><\/p>\n<p><span style=\"color: #000000;\">La ilusoria historia rom\u00e1ntica entre una mujer muda, interpretada por Sally Hawkins, y una criatura marina, a cargo de Doug Jones, muestra su lado humano, la aptitud para emprender proyectos de este tipo que solo personas con tanta sensibilidad pueden contar, expres\u00f3 la cr\u00edtica.<\/span><\/p>\n<p><img fetchpriority=\"high\" decoding=\"async\" class=\"aligncenter size-full wp-image-20859\" src=\"http:\/\/elinformanteperu.com\/wp-content\/uploads\/2018\/01\/guillermo-del-toro-la-forma-del-agua.jpg\" alt=\"\" width=\"500\" height=\"333\" srcset=\"https:\/\/elinformanteperu.com\/wp-content\/uploads\/2018\/01\/guillermo-del-toro-la-forma-del-agua.jpg 500w, https:\/\/elinformanteperu.com\/wp-content\/uploads\/2018\/01\/guillermo-del-toro-la-forma-del-agua-300x200.jpg 300w, https:\/\/elinformanteperu.com\/wp-content\/uploads\/2018\/01\/guillermo-del-toro-la-forma-del-agua-128x85.jpg 128w, https:\/\/elinformanteperu.com\/wp-content\/uploads\/2018\/01\/guillermo-del-toro-la-forma-del-agua-32x21.jpg 32w\" sizes=\"(max-width: 500px) 100vw, 500px\" \/><\/p>\n<p><span style=\"color: #000000;\">En las sociedades contempor\u00e1neas, en las que prevalecen los conflictos y las guerras debemos dar voz a la gente humilde, sencilla, y por eso convert\u00ed a los actores protagonistas en mudos porque as\u00ed pienso en la sinceridad de uno para con el otro, argument\u00f3 Del Toro.<\/span><\/p>\n<p><span style=\"color: #000000;\">Quer\u00eda conseguir que ambos fueran completamente sinceros entre ellos porque la belleza de entender a otro es aceptarlo tal y como es, sin discusi\u00f3n, as\u00ed defini\u00f3 el cineasta la comunicaci\u00f3n lograda en el filme con ambos personajes.<\/span><\/p>\n<p><span style=\"color: #000000;\">Tambi\u00e9n cuando dices cosas de enamorados, tocas el coraz\u00f3n de alguien y esa es la forma m\u00e1s franca y transparente del lenguaje, resumi\u00f3 el realizador.<\/span><\/p>\n<p><span style=\"color: #000000;\">Al referirse al poder que tiene el silencio en las pel\u00edculas, Guillermo del Toro expres\u00f3 que esa es la forma de hacer cine puro.<\/span><\/p>\n<p><span style=\"color: #000000;\">Los momentos en los que no hay di\u00e1logo son siempre los m\u00e1s emotivos y espont\u00e1neos; al estar creado el lenguaje cinematogr\u00e1fico como un medio visual, las pel\u00edculas te obligan a prestar atenci\u00f3n a las emociones, defini\u00f3 el autor.<\/span><\/p>\n<p><span style=\"color: #000000;\">El largometraje La forma del agua se estrenar\u00e1 esta semana en las principales salas de cine.<\/span><\/p>\n<p><iframe src=\"https:\/\/www.youtube-nocookie.com\/embed\/FMNTFFhR__g?rel=0&amp;controls=0&amp;showinfo=0\" width=\"560\" height=\"315\" frameborder=\"0\" allowfullscreen=\"allowfullscreen\"><\/iframe><\/p>\n","protected":false},"excerpt":{"rendered":"<p>El filme surrealista &#8216;La forma del agua&#8217; alude al amor y a las emociones con un inmediato enfoque al poder del silencio, afirm\u00f3 su director Guillermo del Toro. Madrid, 14 Febrero 2018, (PL).- El filme surrealista La forma del agua alude al amor y a las emociones con un inmediato enfoque al poder del silencio [&hellip;]<\/p>\n","protected":false},"author":1,"featured_media":21639,"comment_status":"open","ping_status":"open","sticky":false,"template":"","format":"standard","meta":{"rop_custom_images_group":[],"rop_custom_messages_group":[],"rop_publish_now":"initial","rop_publish_now_accounts":[],"rop_publish_now_history":[],"rop_publish_now_status":"pending","footnotes":""},"categories":[7],"tags":[2144,2146],"class_list":["post-22669","post","type-post","status-publish","format-standard","has-post-thumbnail","hentry","category-butaca","tag-guillermo-del-toro","tag-la-forma-del-agua"],"_links":{"self":[{"href":"https:\/\/elinformanteperu.com\/index.php\/wp-json\/wp\/v2\/posts\/22669","targetHints":{"allow":["GET"]}}],"collection":[{"href":"https:\/\/elinformanteperu.com\/index.php\/wp-json\/wp\/v2\/posts"}],"about":[{"href":"https:\/\/elinformanteperu.com\/index.php\/wp-json\/wp\/v2\/types\/post"}],"author":[{"embeddable":true,"href":"https:\/\/elinformanteperu.com\/index.php\/wp-json\/wp\/v2\/users\/1"}],"replies":[{"embeddable":true,"href":"https:\/\/elinformanteperu.com\/index.php\/wp-json\/wp\/v2\/comments?post=22669"}],"version-history":[{"count":1,"href":"https:\/\/elinformanteperu.com\/index.php\/wp-json\/wp\/v2\/posts\/22669\/revisions"}],"predecessor-version":[{"id":22670,"href":"https:\/\/elinformanteperu.com\/index.php\/wp-json\/wp\/v2\/posts\/22669\/revisions\/22670"}],"wp:featuredmedia":[{"embeddable":true,"href":"https:\/\/elinformanteperu.com\/index.php\/wp-json\/wp\/v2\/media\/21639"}],"wp:attachment":[{"href":"https:\/\/elinformanteperu.com\/index.php\/wp-json\/wp\/v2\/media?parent=22669"}],"wp:term":[{"taxonomy":"category","embeddable":true,"href":"https:\/\/elinformanteperu.com\/index.php\/wp-json\/wp\/v2\/categories?post=22669"},{"taxonomy":"post_tag","embeddable":true,"href":"https:\/\/elinformanteperu.com\/index.php\/wp-json\/wp\/v2\/tags?post=22669"}],"curies":[{"name":"wp","href":"https:\/\/api.w.org\/{rel}","templated":true}]}}