{"id":22511,"date":"2018-02-13T00:55:11","date_gmt":"2018-02-13T05:55:11","guid":{"rendered":"http:\/\/elinformanteperu.com\/?p=22511"},"modified":"2018-02-13T00:55:11","modified_gmt":"2018-02-13T05:55:11","slug":"caso-odebrecht-gobierno-prorrogara-por-30-dias-decreto-de-urgencia-003","status":"publish","type":"post","link":"https:\/\/elinformanteperu.com\/index.php\/2018\/02\/13\/caso-odebrecht-gobierno-prorrogara-por-30-dias-decreto-de-urgencia-003\/","title":{"rendered":"Caso Odebrecht: Gobierno prorrogar\u00e1 por 30 d\u00edas Decreto de Urgencia 003"},"content":{"rendered":"<p><strong><span style=\"color: #000000;\">El Ejecutivo prorrogar\u00e1 por 30 d\u00edas m\u00e1s la vigencia del Decreto de Urgencia 003 que asegura la continuidad de Proyectos de Inversi\u00f3n para la prestaci\u00f3n de Servicios P\u00fablicos.<\/span><\/strong><\/p>\n<p><span style=\"color: #000000;\"><strong>Lima, 12 Febrero 2018, (ANDINA).-<\/strong> El Ejecutivo prorrogar\u00e1 por 30 d\u00edas m\u00e1s la vigencia del Decreto de Urgencia 003 que asegura la continuidad de Proyectos de Inversi\u00f3n para la prestaci\u00f3n de Servicios P\u00fablicos y cautela el pago de la reparaci\u00f3n civil a favor del Estado en casos de corrupci\u00f3n.<\/span><\/p>\n<p><span style=\"color: #000000;\">El plazo de vigencia del referido DU 003 venc\u00eda ma\u00f1ana 13 de febrero.<\/span><\/p>\n<p><span style=\"color: #000000;\">As\u00ed lo anunciaron conjuntamente hoy la ministra de Econom\u00eda y Finanzas, Claudia Cooper; y el ministro de Justicia, Enrique Mendoza, tras m\u00e1s de siete horas de debate en la sesi\u00f3n extraordinaria conjunta de las comisiones de Econom\u00eda y Justicia del Congreso, del proyecto de Ley del Ejecutivo que reemplazar\u00e1 al DU 003.<\/span><\/p>\n<p><span style=\"color: #000000;\">\u00abHemos acordado la pr\u00f3rroga del DU 003 por 30 d\u00edas m\u00e1s, mientras tenemos un debate del proyecto de Ley que hemos enviado, esto es absolutamente importante porque necesitamos una ley, una norma que tenga la fortaleza suficiente para darle predictibilidad a los agentes econ\u00f3micos para poder tomar decisiones que les permitan garantizar la cadena de pagos y sus inversiones\u00bb, dijo la ministra Cooper.<\/span><\/p>\n<p><span style=\"color: #000000;\">La reuni\u00f3n conjunta de ambas comisiones hoy tuvo como objetivo debatir el proyecto del Ejecutivo que reemplazar\u00e1 al DU 003, el \u201cProyecto de Ley N\u00b0 2408\/2017-PE que asegura el pago inmediato de la reparaci\u00f3n civil a favor del Estado en casos de corrupci\u00f3n incentivando la colaboraci\u00f3n eficaz y la reactivaci\u00f3n de la econom\u00eda\u201d.<\/span><\/p>\n<p><strong><span style=\"color: #000000;\">Debate entr\u00f3 en cuarto intermedio<\/span><\/strong><\/p>\n<p><span style=\"color: #000000;\">El presidente de la comisi\u00f3n de Justicia del Congreso, Salvador Heresi, se\u00f1al\u00f3 que el debate del referido proyecto del Ejecutivo entr\u00f3 a un cuarto intermedio a fin de continuar el an\u00e1lisis y el recojo de las sugerencias y mejoras respectivas.<\/span><\/p>\n<p><span style=\"color: #000000;\">\u201cEs por ello, que de alguna manera salimos satisfechos, hemos tenido una buena reuni\u00f3n, hemos incorporado varios de los aportes que nos ha hecho el Congreso, es muy importante la norma que salga de ac\u00e1, para que las decisiones sean s\u00f3lidas\u201d, dijo Cooper.<\/span><\/p>\n<p><span style=\"color: #000000;\">De esta manera, las comisiones de Econom\u00eda y Justicia, debatir\u00e1n por 30 d\u00edas m\u00e1s las mejoras al referido proyecto del Ejecutivo.<\/span><\/p>\n<p><span style=\"color: #000000;\">\u201cLa norma actual se prorroga por 30 d\u00edas m\u00e1s a efectos de permitir que las modificaciones que se hagan se realicen del mejor modo y de la manera m\u00e1s estudiada posible\u201d, indic\u00f3 por su parte el ministro de Justicia, Enrique Mendoza.<\/span><\/p>\n<p><span style=\"color: #000000;\">La legislatura ordinaria del presente a\u00f1o en el Congreso se inicia este 1 de marzo y termina el 15 de junio.<\/span><\/p>\n","protected":false},"excerpt":{"rendered":"<p>El Ejecutivo prorrogar\u00e1 por 30 d\u00edas m\u00e1s la vigencia del Decreto de Urgencia 003 que asegura la continuidad de Proyectos de Inversi\u00f3n para la prestaci\u00f3n de Servicios P\u00fablicos. Lima, 12 Febrero 2018, (ANDINA).- El Ejecutivo prorrogar\u00e1 por 30 d\u00edas m\u00e1s la vigencia del Decreto de Urgencia 003 que asegura la continuidad de Proyectos de Inversi\u00f3n [&hellip;]<\/p>\n","protected":false},"author":1,"featured_media":22512,"comment_status":"open","ping_status":"open","sticky":false,"template":"","format":"standard","meta":{"rop_custom_images_group":[],"rop_custom_messages_group":[],"rop_publish_now":"initial","rop_publish_now_accounts":[],"rop_publish_now_history":[],"rop_publish_now_status":"pending","footnotes":""},"categories":[5],"tags":[2493,192,2303,315,314],"class_list":["post-22511","post","type-post","status-publish","format-standard","has-post-thumbnail","hentry","category-actualidad-informativa","tag-claudia-cooper","tag-congreso","tag-enrique-mendoza","tag-mef","tag-ministerio-de-economia-y-finanzas"],"_links":{"self":[{"href":"https:\/\/elinformanteperu.com\/index.php\/wp-json\/wp\/v2\/posts\/22511","targetHints":{"allow":["GET"]}}],"collection":[{"href":"https:\/\/elinformanteperu.com\/index.php\/wp-json\/wp\/v2\/posts"}],"about":[{"href":"https:\/\/elinformanteperu.com\/index.php\/wp-json\/wp\/v2\/types\/post"}],"author":[{"embeddable":true,"href":"https:\/\/elinformanteperu.com\/index.php\/wp-json\/wp\/v2\/users\/1"}],"replies":[{"embeddable":true,"href":"https:\/\/elinformanteperu.com\/index.php\/wp-json\/wp\/v2\/comments?post=22511"}],"version-history":[{"count":1,"href":"https:\/\/elinformanteperu.com\/index.php\/wp-json\/wp\/v2\/posts\/22511\/revisions"}],"predecessor-version":[{"id":22513,"href":"https:\/\/elinformanteperu.com\/index.php\/wp-json\/wp\/v2\/posts\/22511\/revisions\/22513"}],"wp:featuredmedia":[{"embeddable":true,"href":"https:\/\/elinformanteperu.com\/index.php\/wp-json\/wp\/v2\/media\/22512"}],"wp:attachment":[{"href":"https:\/\/elinformanteperu.com\/index.php\/wp-json\/wp\/v2\/media?parent=22511"}],"wp:term":[{"taxonomy":"category","embeddable":true,"href":"https:\/\/elinformanteperu.com\/index.php\/wp-json\/wp\/v2\/categories?post=22511"},{"taxonomy":"post_tag","embeddable":true,"href":"https:\/\/elinformanteperu.com\/index.php\/wp-json\/wp\/v2\/tags?post=22511"}],"curies":[{"name":"wp","href":"https:\/\/api.w.org\/{rel}","templated":true}]}}