{"id":22509,"date":"2018-02-13T00:51:08","date_gmt":"2018-02-13T05:51:08","guid":{"rendered":"http:\/\/elinformanteperu.com\/?p=22509"},"modified":"2018-02-13T00:51:08","modified_gmt":"2018-02-13T05:51:08","slug":"el-28-de-febrero-vence-el-plazo-para-que-familias-damnificados-se-inscriban-al-bono-500","status":"publish","type":"post","link":"https:\/\/elinformanteperu.com\/index.php\/2018\/02\/13\/el-28-de-febrero-vence-el-plazo-para-que-familias-damnificados-se-inscriban-al-bono-500\/","title":{"rendered":"El 28 de febrero vence el plazo para que familias damnificados se inscriban al \u201cBono 500\u201d"},"content":{"rendered":"<p><strong><span style=\"color: #000000;\">Damnificados que cumplan los requisitos deben inscribirse en los municipios provinciales de su jurisdicci\u00f3n.<\/span><\/strong><\/p>\n<p><span style=\"color: #000000;\"><strong>Lima, 12 Febrero 2018, (El Informante Per\u00fa).-<\/strong> Las familias damnificadas cuyas viviendas se encuentren en condici\u00f3n de colapsadas o inhabitables, en las 13 regiones declaradas en emergencia a causa del fen\u00f3meno El Ni\u00f1o Costero, tienen hasta el 28 de febrero para inscribirse a la \u00abAyuda Econ\u00f3mica para el Arrendamiento de Vivienda\u00bb, conocida como Bono 500.<\/span><\/p>\n<p><span style=\"color: #000000;\">El requisito para acceder a este beneficio econ\u00f3mico es que las personas damnificadas no hayan recibido el M\u00f3dulo Temporal de Vivienda, el Bono Familiar Habitacional o una Vivienda de Inter\u00e9s Social. Las personas damnificadas que re\u00fanan los requisitos deben acercarse a sus Municipios Provinciales. En el lugar deben presentar una declaraci\u00f3n jurada simple y llenar una ficha. Es importante que indiquen el lugar donde van a arrendar.<\/span><\/p>\n<p><span style=\"color: #000000;\">Las municipalidades provinciales remitir\u00e1n, en forma digital y f\u00edsica, los padrones al Ministerio de Vivienda, Construcci\u00f3n y Saneamiento (MVCS), adjuntando las solicitudes y declaraciones juradas ingresadas desde el d\u00eda siguiente de realizada la convocatoria hasta el 28 de febrero de 2018.<\/span><\/p>\n<p><strong><span style=\"color: #000000;\">\u200bVerificaciones<\/span><\/strong><\/p>\n<p><span style=\"color: #000000;\">Las municipalidades provinciales, el Organismo de Formalizaci\u00f3n de la Propiedad Informal (Cofopri) y la Direcci\u00f3n General de Programas y Proyectos en Vivienda y Urbanismo del MVCS se encargar\u00e1n de realizar las verificaciones correspondientes, referidas a la condici\u00f3n de la vivienda, as\u00ed como no haber recibido otros tipos de beneficios en el marco del Plan de Reconstrucci\u00f3n.<\/span><\/p>\n<p><strong><span style=\"color: #000000;\">Retiro de la ayuda econ\u00f3mica<\/span><\/strong><\/p>\n<p><span style=\"color: #000000;\">El Bono 500 ser\u00e1 anulado si se detecta que el monto es destinado a un fin distinto para el que fue otorgado, el beneficiario no se retira del albergue o refugio temporal, ni de las viviendas colapsadas o inhabitables o si cuentan con otra vivienda apta para ser habitada.<\/span><\/p>\n<p><span style=\"color: #000000;\">\u200bLa ayuda econ\u00f3mica mensual de 500 soles, oficializada mediante el Decreto de Urgencia 014-2017, tiene vigencia hasta el 31 de diciembre del 2018 o hasta que la familia beneficiaria haya recibido su vivienda en el marco de la Reconstrucci\u00f3n con Cambios. Este bono tiene cobertura en las 13 regiones afectadas por el Fen\u00f3meno El Ni\u00f1o Costero.<\/span><\/p>\n<p><span style=\"color: #000000;\">El listado actual de los beneficiarios del Bono 500 puede verse en la siguiente direcci\u00f3n:<strong> <a href=\"http:\/\/www3.vivienda.gob.pe\/bono500\/\">http:\/\/www3.vivienda.gob.pe\/bono500\/<\/a><\/strong><\/span><\/p>\n","protected":false},"excerpt":{"rendered":"<p>Damnificados que cumplan los requisitos deben inscribirse en los municipios provinciales de su jurisdicci\u00f3n. Lima, 12 Febrero 2018, (El Informante Per\u00fa).- Las familias damnificadas cuyas viviendas se encuentren en condici\u00f3n de colapsadas o inhabitables, en las 13 regiones declaradas en emergencia a causa del fen\u00f3meno El Ni\u00f1o Costero, tienen hasta el 28 de febrero para [&hellip;]<\/p>\n","protected":false},"author":1,"featured_media":22225,"comment_status":"open","ping_status":"open","sticky":false,"template":"","format":"standard","meta":{"rop_custom_images_group":[],"rop_custom_messages_group":[],"rop_publish_now":"initial","rop_publish_now_accounts":[],"rop_publish_now_history":[],"rop_publish_now_status":"pending","footnotes":""},"categories":[10],"tags":[1572,1557],"class_list":["post-22509","post","type-post","status-publish","format-standard","has-post-thumbnail","hentry","category-actualidad-municipal","tag-fondo-mivivienda","tag-ministerio-de-vivienda"],"_links":{"self":[{"href":"https:\/\/elinformanteperu.com\/index.php\/wp-json\/wp\/v2\/posts\/22509","targetHints":{"allow":["GET"]}}],"collection":[{"href":"https:\/\/elinformanteperu.com\/index.php\/wp-json\/wp\/v2\/posts"}],"about":[{"href":"https:\/\/elinformanteperu.com\/index.php\/wp-json\/wp\/v2\/types\/post"}],"author":[{"embeddable":true,"href":"https:\/\/elinformanteperu.com\/index.php\/wp-json\/wp\/v2\/users\/1"}],"replies":[{"embeddable":true,"href":"https:\/\/elinformanteperu.com\/index.php\/wp-json\/wp\/v2\/comments?post=22509"}],"version-history":[{"count":1,"href":"https:\/\/elinformanteperu.com\/index.php\/wp-json\/wp\/v2\/posts\/22509\/revisions"}],"predecessor-version":[{"id":22510,"href":"https:\/\/elinformanteperu.com\/index.php\/wp-json\/wp\/v2\/posts\/22509\/revisions\/22510"}],"wp:featuredmedia":[{"embeddable":true,"href":"https:\/\/elinformanteperu.com\/index.php\/wp-json\/wp\/v2\/media\/22225"}],"wp:attachment":[{"href":"https:\/\/elinformanteperu.com\/index.php\/wp-json\/wp\/v2\/media?parent=22509"}],"wp:term":[{"taxonomy":"category","embeddable":true,"href":"https:\/\/elinformanteperu.com\/index.php\/wp-json\/wp\/v2\/categories?post=22509"},{"taxonomy":"post_tag","embeddable":true,"href":"https:\/\/elinformanteperu.com\/index.php\/wp-json\/wp\/v2\/tags?post=22509"}],"curies":[{"name":"wp","href":"https:\/\/api.w.org\/{rel}","templated":true}]}}