{"id":22504,"date":"2018-02-13T00:45:07","date_gmt":"2018-02-13T05:45:07","guid":{"rendered":"http:\/\/elinformanteperu.com\/?p=22504"},"modified":"2018-02-13T00:45:07","modified_gmt":"2018-02-13T05:45:07","slug":"talleres-de-verano-ya-no-se-realizaran-en-las-comisarias","status":"publish","type":"post","link":"https:\/\/elinformanteperu.com\/index.php\/2018\/02\/13\/talleres-de-verano-ya-no-se-realizaran-en-las-comisarias\/","title":{"rendered":"Talleres de verano ya no se realizar\u00e1n en las comisar\u00edas"},"content":{"rendered":"<p><strong><span style=\"color: #000000;\">El ministro del Interior, Vicente Romero, inform\u00f3 que los talleres de verano ya no se dictar\u00e1n m\u00e1s en las comisar\u00edas del pa\u00eds.<\/span><\/strong><\/p>\n<p><span style=\"color: #000000;\"><strong>Lima, 12 Febrero 2018, (ANDINA).-<\/strong> El ministro del Interior, Vicente Romero, inform\u00f3 que los talleres de verano ya no se dictar\u00e1n m\u00e1s en las comisar\u00edas del pa\u00eds y que se coordinar\u00e1 para que esos cursos se lleven en adelante en las municipalidades.<\/span><\/p>\n<p><span style=\"color: #000000;\">\u201cAnunciamos a toda la ciudadan\u00eda que dado los lamentables hechos pasados de la ni\u00f1a Jimena, hemos tomado la decisi\u00f3n de que las vacaciones \u00fatiles ya no se llevar\u00e1n m\u00e1s en los espacios de las comisar\u00edas\u201d, manifest\u00f3 en conferencia de prensa.<\/span><\/p>\n<p><span style=\"color: #000000;\">Vicente Romero tambi\u00e9n coment\u00f3 que ya est\u00e1 coordinando para que dichos talleres de vacaciones \u00fatiles se puedan llevar en las municipalidades desde el pr\u00f3ximo a\u00f1o.<\/span><\/p>\n<p><span style=\"color: #000000;\">\u201cEstamos tratando de ver para que, en los pr\u00f3ximos a\u00f1os, estos talleres sean en las municipalidades donde todas las entidades del Estado que quisieran contribuir con los menores, darle el alcance de valores o de alg\u00fan programa \u00fatil para ellos debe ser en estos espacios\u201d, acot\u00f3.<\/span><\/p>\n<p><span style=\"color: #000000;\">En ese sentido, formul\u00f3 votos para que otros organismos del Estado apoyen en el dictado de cursos para los menores de edad.<\/span><\/p>\n<p><span style=\"color: #000000;\">Como se recuerda, el pasado 1 de febrero se report\u00f3 la desaparici\u00f3n de una menor de 11 a\u00f1os que asist\u00eda a un taller de pedrer\u00eda en la Comisar\u00eda de Canto Rey. D\u00edas despu\u00e9s, apareci\u00f3 su cad\u00e1ver. C\u00e9sar Augusto Alva Mendoza confes\u00f3 haber secuestrado, violado y asesinado a la menor.<\/span><\/p>\n","protected":false},"excerpt":{"rendered":"<p>El ministro del Interior, Vicente Romero, inform\u00f3 que los talleres de verano ya no se dictar\u00e1n m\u00e1s en las comisar\u00edas del pa\u00eds. Lima, 12 Febrero 2018, (ANDINA).- El ministro del Interior, Vicente Romero, inform\u00f3 que los talleres de verano ya no se dictar\u00e1n m\u00e1s en las comisar\u00edas del pa\u00eds y que se coordinar\u00e1 para que [&hellip;]<\/p>\n","protected":false},"author":1,"featured_media":22505,"comment_status":"open","ping_status":"open","sticky":false,"template":"","format":"standard","meta":{"rop_custom_images_group":[],"rop_custom_messages_group":[],"rop_publish_now":"initial","rop_publish_now_accounts":[],"rop_publish_now_history":[],"rop_publish_now_status":"pending","footnotes":""},"categories":[10],"tags":[280,2614,1431],"class_list":["post-22504","post","type-post","status-publish","format-standard","has-post-thumbnail","hentry","category-actualidad-municipal","tag-ministerio-del-interior","tag-vicente-romero-fernandez","tag-violacion"],"_links":{"self":[{"href":"https:\/\/elinformanteperu.com\/index.php\/wp-json\/wp\/v2\/posts\/22504","targetHints":{"allow":["GET"]}}],"collection":[{"href":"https:\/\/elinformanteperu.com\/index.php\/wp-json\/wp\/v2\/posts"}],"about":[{"href":"https:\/\/elinformanteperu.com\/index.php\/wp-json\/wp\/v2\/types\/post"}],"author":[{"embeddable":true,"href":"https:\/\/elinformanteperu.com\/index.php\/wp-json\/wp\/v2\/users\/1"}],"replies":[{"embeddable":true,"href":"https:\/\/elinformanteperu.com\/index.php\/wp-json\/wp\/v2\/comments?post=22504"}],"version-history":[{"count":1,"href":"https:\/\/elinformanteperu.com\/index.php\/wp-json\/wp\/v2\/posts\/22504\/revisions"}],"predecessor-version":[{"id":22506,"href":"https:\/\/elinformanteperu.com\/index.php\/wp-json\/wp\/v2\/posts\/22504\/revisions\/22506"}],"wp:featuredmedia":[{"embeddable":true,"href":"https:\/\/elinformanteperu.com\/index.php\/wp-json\/wp\/v2\/media\/22505"}],"wp:attachment":[{"href":"https:\/\/elinformanteperu.com\/index.php\/wp-json\/wp\/v2\/media?parent=22504"}],"wp:term":[{"taxonomy":"category","embeddable":true,"href":"https:\/\/elinformanteperu.com\/index.php\/wp-json\/wp\/v2\/categories?post=22504"},{"taxonomy":"post_tag","embeddable":true,"href":"https:\/\/elinformanteperu.com\/index.php\/wp-json\/wp\/v2\/tags?post=22504"}],"curies":[{"name":"wp","href":"https:\/\/api.w.org\/{rel}","templated":true}]}}