{"id":22500,"date":"2018-02-13T00:40:32","date_gmt":"2018-02-13T05:40:32","guid":{"rendered":"http:\/\/elinformanteperu.com\/?p=22500"},"modified":"2018-02-13T00:40:32","modified_gmt":"2018-02-13T05:40:32","slug":"prision-preventiva-de-9-meses-para-confeso-asesino-de-nina-en-sjl","status":"publish","type":"post","link":"https:\/\/elinformanteperu.com\/index.php\/2018\/02\/13\/prision-preventiva-de-9-meses-para-confeso-asesino-de-nina-en-sjl\/","title":{"rendered":"Prisi\u00f3n preventiva de 9 meses para confeso asesino de ni\u00f1a en SJL"},"content":{"rendered":"<p><strong><span style=\"color: #000000;\">El Poder Judicial dict\u00f3 nueve meses de prisi\u00f3n preventiva para , violador y asesino confeso de una ni\u00f1a de 11 a\u00f1os.<\/span><\/strong><\/p>\n<p><span style=\"color: #000000;\"><strong>Lima, 12 Febrero 2018, (ANDINA).-<\/strong> El Poder Judicial dict\u00f3 nueve meses de prisi\u00f3n preventiva para C\u00e9sar Augusto Alva Mendoza, violador y asesino confeso de una ni\u00f1a de 11 a\u00f1os en el distrito de San Juan de Lurigancho.<\/span><\/p>\n<p><span style=\"color: #000000;\">La decisi\u00f3n se tom\u00f3 durante la audiencia realizada para analizar el pedido de la Tercera Fiscal\u00eda Provincial Mixta de San Juan de Lurigancho. La titular de S\u00e9ptimo Juzgado Penal de SJL, Mar\u00eda Esther Limas Uribe, tuvo a su cargo el caso.<\/span><\/p>\n<p><span style=\"color: #000000;\">Por medida de seguridad, la audiencia se ejecut\u00f3 en la sede de la Dirincri, en la avenida Espa\u00f1a, donde Alva Mendoza se encuentra detenido desde el domingo pasado, luego que fuera capturado en la ciudad de Ica y tra\u00eddo a Lima.<\/span><\/p>\n<p><span style=\"color: #000000;\">Esta audiencia de m\u00e1s de cinco horas, se realiz\u00f3 en privado por tratarse de un caso de violaci\u00f3n sexual y adem\u00e1s por pedido de la familia de la v\u00edctima.<\/span><\/p>\n<p><span style=\"color: #000000;\">Inclusive, el padre de la peque\u00f1a, Jorge Vellaneda, lleg\u00f3 hasta la sede de la Dirincri, pero para expresar su sentir ante los medios de comunicaci\u00f3n, y manifestar que no estar\u00e1 presente en la diligencia pues no tendr\u00eda fuerzas para cruzarse, mirar o escuchar al delincuente que acab\u00f3 con la vida de su ni\u00f1a.<\/span><\/p>\n<p><img fetchpriority=\"high\" decoding=\"async\" class=\"aligncenter size-full wp-image-22502\" src=\"http:\/\/elinformanteperu.com\/wp-content\/uploads\/2018\/02\/cesar-alva-mendoza-violador1.jpg\" alt=\"\" width=\"500\" height=\"333\" srcset=\"https:\/\/elinformanteperu.com\/wp-content\/uploads\/2018\/02\/cesar-alva-mendoza-violador1.jpg 500w, https:\/\/elinformanteperu.com\/wp-content\/uploads\/2018\/02\/cesar-alva-mendoza-violador1-300x200.jpg 300w, https:\/\/elinformanteperu.com\/wp-content\/uploads\/2018\/02\/cesar-alva-mendoza-violador1-128x85.jpg 128w, https:\/\/elinformanteperu.com\/wp-content\/uploads\/2018\/02\/cesar-alva-mendoza-violador1-32x21.jpg 32w\" sizes=\"(max-width: 500px) 100vw, 500px\" \/><\/p>\n<p><span style=\"color: #000000;\">El abogado de la familia de la peque\u00f1a, Julio Quintanilla, inform\u00f3 en un alto de la audiencia, que estaba probado que el acusado no sufre alteraciones mentales, que no estaba bajo la influencia de alguna droga al momento de cometer el crimen y que hab\u00edan suficientes elementos probatorios de la comisi\u00f3n del delito, como el hallazgo de la bicicleta en la que el criminal se llev\u00f3 a la ni\u00f1a.<\/span><\/p>\n<p><span style=\"color: #000000;\">Alva Mendoza es acusado de los delitos de secuestro y violaci\u00f3n con subsecuente muerte, lo que supone una condena de cadena perpetua.<\/span><\/p>\n<p><span style=\"color: #000000;\">La ni\u00f1a fue secuestrada el pasado jueves 1 de febrero a la salida de un taller de verano que se realizaba en la comisar\u00eda policial de Canto Rey, en el distrito de San Juan de Lurigancho, y al d\u00eda siguiente se encontraron sus restos carbonizados cerca del lugar.<\/span><\/p>\n<p><span style=\"color: #000000;\">La execrable conducta de Alva Mendoza gener\u00f3 el rechazo un\u00e1nime de una sociedad que est\u00e1 harta de las agresiones contra los ni\u00f1os. Y esa indignaci\u00f3n se tradujo en una multitudinaria marcha que se realiz\u00f3 en Lima y en otras ciudades del pa\u00eds, el jueves \u00faltimo.<\/span><\/p>\n<p><span style=\"color: #000000;\">Terminada la sesi\u00f3n, se esperaba que fuera trasladado a la carceleta del Poder Judicial, en Palacio de Justicia, pero por decisi\u00f3n de las autoridades penitenciarias, fue llevado directamente y sin mayor tr\u00e1mite al penal de Anc\u00f3n m\u00e1s conocido como Piedras Gordas.<\/span><\/p>\n<p><img decoding=\"async\" class=\"aligncenter size-full wp-image-22332\" src=\"http:\/\/elinformanteperu.com\/wp-content\/uploads\/2018\/02\/cesar-alva-mendoza-4.jpg\" alt=\"\" width=\"1800\" height=\"1159\" srcset=\"https:\/\/elinformanteperu.com\/wp-content\/uploads\/2018\/02\/cesar-alva-mendoza-4.jpg 1800w, https:\/\/elinformanteperu.com\/wp-content\/uploads\/2018\/02\/cesar-alva-mendoza-4-300x193.jpg 300w, https:\/\/elinformanteperu.com\/wp-content\/uploads\/2018\/02\/cesar-alva-mendoza-4-768x495.jpg 768w, https:\/\/elinformanteperu.com\/wp-content\/uploads\/2018\/02\/cesar-alva-mendoza-4-1024x659.jpg 1024w, https:\/\/elinformanteperu.com\/wp-content\/uploads\/2018\/02\/cesar-alva-mendoza-4-128x82.jpg 128w, https:\/\/elinformanteperu.com\/wp-content\/uploads\/2018\/02\/cesar-alva-mendoza-4-32x21.jpg 32w\" sizes=\"(max-width: 1800px) 100vw, 1800px\" \/><\/p>\n","protected":false},"excerpt":{"rendered":"<p>El Poder Judicial dict\u00f3 nueve meses de prisi\u00f3n preventiva para , violador y asesino confeso de una ni\u00f1a de 11 a\u00f1os. Lima, 12 Febrero 2018, (ANDINA).- El Poder Judicial dict\u00f3 nueve meses de prisi\u00f3n preventiva para C\u00e9sar Augusto Alva Mendoza, violador y asesino confeso de una ni\u00f1a de 11 a\u00f1os en el distrito de San [&hellip;]<\/p>\n","protected":false},"author":1,"featured_media":22501,"comment_status":"open","ping_status":"open","sticky":false,"template":"","format":"standard","meta":{"rop_custom_images_group":[],"rop_custom_messages_group":[],"rop_publish_now":"initial","rop_publish_now_accounts":[],"rop_publish_now_history":[],"rop_publish_now_status":"pending","footnotes":""},"categories":[10],"tags":[2751],"class_list":["post-22500","post","type-post","status-publish","format-standard","has-post-thumbnail","hentry","category-actualidad-municipal","tag-cesar-alva-mendoza"],"_links":{"self":[{"href":"https:\/\/elinformanteperu.com\/index.php\/wp-json\/wp\/v2\/posts\/22500","targetHints":{"allow":["GET"]}}],"collection":[{"href":"https:\/\/elinformanteperu.com\/index.php\/wp-json\/wp\/v2\/posts"}],"about":[{"href":"https:\/\/elinformanteperu.com\/index.php\/wp-json\/wp\/v2\/types\/post"}],"author":[{"embeddable":true,"href":"https:\/\/elinformanteperu.com\/index.php\/wp-json\/wp\/v2\/users\/1"}],"replies":[{"embeddable":true,"href":"https:\/\/elinformanteperu.com\/index.php\/wp-json\/wp\/v2\/comments?post=22500"}],"version-history":[{"count":1,"href":"https:\/\/elinformanteperu.com\/index.php\/wp-json\/wp\/v2\/posts\/22500\/revisions"}],"predecessor-version":[{"id":22503,"href":"https:\/\/elinformanteperu.com\/index.php\/wp-json\/wp\/v2\/posts\/22500\/revisions\/22503"}],"wp:featuredmedia":[{"embeddable":true,"href":"https:\/\/elinformanteperu.com\/index.php\/wp-json\/wp\/v2\/media\/22501"}],"wp:attachment":[{"href":"https:\/\/elinformanteperu.com\/index.php\/wp-json\/wp\/v2\/media?parent=22500"}],"wp:term":[{"taxonomy":"category","embeddable":true,"href":"https:\/\/elinformanteperu.com\/index.php\/wp-json\/wp\/v2\/categories?post=22500"},{"taxonomy":"post_tag","embeddable":true,"href":"https:\/\/elinformanteperu.com\/index.php\/wp-json\/wp\/v2\/tags?post=22500"}],"curies":[{"name":"wp","href":"https:\/\/api.w.org\/{rel}","templated":true}]}}