{"id":22433,"date":"2018-02-12T20:07:07","date_gmt":"2018-02-13T01:07:07","guid":{"rendered":"http:\/\/elinformanteperu.com\/?p=22433"},"modified":"2018-02-12T20:07:07","modified_gmt":"2018-02-13T01:07:07","slug":"en-real-madrid-aseguran-que-neymar-algun-dia-jugara-para-ellos","status":"publish","type":"post","link":"https:\/\/elinformanteperu.com\/index.php\/2018\/02\/12\/en-real-madrid-aseguran-que-neymar-algun-dia-jugara-para-ellos\/","title":{"rendered":"En Real Madrid aseguran que Neymar alg\u00fan d\u00eda jugar\u00e1 para ellos"},"content":{"rendered":"<p><strong><span style=\"color: #000000;\">El defensor Marcelo afirm\u00f3 que Neymar no s\u00f3lo \u00abencajar\u00eda\u00bb en el Real Madrid, sino que cree posible que el crack vista la camiseta merengue \u00abalg\u00fan d\u00eda\u00bb.<\/span><\/strong><\/p>\n<p><span style=\"color: #000000;\"><strong>Madrid, 12 Febrero 2018, (ANDINA).-<\/strong> El defensor brasile\u00f1o Marcelo afirm\u00f3 que su compatriota Neymar no s\u00f3lo \u00abencajar\u00eda\u00bb en el Real Madrid, sino que cree posible que el crack vista la camiseta merengue \u00abalg\u00fan d\u00eda\u00bb.<\/span><\/p>\n<p><span style=\"color: #000000;\">\u00ab\u00c9l (Neymar) es un gran jugador, y los grandes jugadores en mi opini\u00f3n tienen que jugar en el Real Madrid. Creo que Neymar un d\u00eda jugar\u00e1 en el Real Madrid\u00bb, dijo Marcelo en entrevista difundida epor el canal Esporte Interativo.<\/span><\/p>\n<p><span style=\"color: #000000;\">Al ser consultado sobre si el astro del Paris Saint-Germain \u00abencajar\u00eda\u00bb en el cuadro espa\u00f1ol, Marcelo, lateral izquierdo del Real Madrid, dispar\u00f3: \u00abciertamente\u00bb.<\/span><\/p>\n<p><span style=\"color: #000000;\">Con un salario de m\u00e1s de tres millones de euros brutos al mes, Neymar cerr\u00f3 2017 como el jugador mejor pagado del PSG, que lo fich\u00f3 en agosto pasado.<\/span><\/p>\n<p><span style=\"color: #000000;\">Las declaraciones de Marcelo se producen en medio de rumores sobre un eventual pase del artillero de 26 a\u00f1os al club espa\u00f1ol, que el pr\u00f3ximo mi\u00e9rcoles disputar\u00e1 contra el PSG los octavos de final de la Liga de Campeones.<\/span><\/p>\n<p><img fetchpriority=\"high\" decoding=\"async\" class=\"aligncenter size-full wp-image-14344\" src=\"http:\/\/elinformanteperu.com\/wp-content\/uploads\/2017\/08\/neymar-psg-3.jpg\" alt=\"\" width=\"970\" height=\"580\" srcset=\"https:\/\/elinformanteperu.com\/wp-content\/uploads\/2017\/08\/neymar-psg-3.jpg 970w, https:\/\/elinformanteperu.com\/wp-content\/uploads\/2017\/08\/neymar-psg-3-300x179.jpg 300w, https:\/\/elinformanteperu.com\/wp-content\/uploads\/2017\/08\/neymar-psg-3-768x459.jpg 768w, https:\/\/elinformanteperu.com\/wp-content\/uploads\/2017\/08\/neymar-psg-3-128x77.jpg 128w, https:\/\/elinformanteperu.com\/wp-content\/uploads\/2017\/08\/neymar-psg-3-32x19.jpg 32w\" sizes=\"(max-width: 970px) 100vw, 970px\" \/><\/p>\n","protected":false},"excerpt":{"rendered":"<p>El defensor Marcelo afirm\u00f3 que Neymar no s\u00f3lo \u00abencajar\u00eda\u00bb en el Real Madrid, sino que cree posible que el crack vista la camiseta merengue \u00abalg\u00fan d\u00eda\u00bb. Madrid, 12 Febrero 2018, (ANDINA).- El defensor brasile\u00f1o Marcelo afirm\u00f3 que su compatriota Neymar no s\u00f3lo \u00abencajar\u00eda\u00bb en el Real Madrid, sino que cree posible que el crack vista [&hellip;]<\/p>\n","protected":false},"author":1,"featured_media":14341,"comment_status":"open","ping_status":"open","sticky":false,"template":"","format":"standard","meta":{"rop_custom_images_group":[],"rop_custom_messages_group":[],"rop_publish_now":"initial","rop_publish_now_accounts":[],"rop_publish_now_history":[],"rop_publish_now_status":"pending","footnotes":""},"categories":[8],"tags":[88,1102,423],"class_list":["post-22433","post","type-post","status-publish","format-standard","has-post-thumbnail","hentry","category-disciplinas-deportivas","tag-neymar","tag-psg","tag-real-madrid"],"_links":{"self":[{"href":"https:\/\/elinformanteperu.com\/index.php\/wp-json\/wp\/v2\/posts\/22433","targetHints":{"allow":["GET"]}}],"collection":[{"href":"https:\/\/elinformanteperu.com\/index.php\/wp-json\/wp\/v2\/posts"}],"about":[{"href":"https:\/\/elinformanteperu.com\/index.php\/wp-json\/wp\/v2\/types\/post"}],"author":[{"embeddable":true,"href":"https:\/\/elinformanteperu.com\/index.php\/wp-json\/wp\/v2\/users\/1"}],"replies":[{"embeddable":true,"href":"https:\/\/elinformanteperu.com\/index.php\/wp-json\/wp\/v2\/comments?post=22433"}],"version-history":[{"count":1,"href":"https:\/\/elinformanteperu.com\/index.php\/wp-json\/wp\/v2\/posts\/22433\/revisions"}],"predecessor-version":[{"id":22434,"href":"https:\/\/elinformanteperu.com\/index.php\/wp-json\/wp\/v2\/posts\/22433\/revisions\/22434"}],"wp:featuredmedia":[{"embeddable":true,"href":"https:\/\/elinformanteperu.com\/index.php\/wp-json\/wp\/v2\/media\/14341"}],"wp:attachment":[{"href":"https:\/\/elinformanteperu.com\/index.php\/wp-json\/wp\/v2\/media?parent=22433"}],"wp:term":[{"taxonomy":"category","embeddable":true,"href":"https:\/\/elinformanteperu.com\/index.php\/wp-json\/wp\/v2\/categories?post=22433"},{"taxonomy":"post_tag","embeddable":true,"href":"https:\/\/elinformanteperu.com\/index.php\/wp-json\/wp\/v2\/tags?post=22433"}],"curies":[{"name":"wp","href":"https:\/\/api.w.org\/{rel}","templated":true}]}}