{"id":22423,"date":"2018-02-09T00:08:36","date_gmt":"2018-02-09T05:08:36","guid":{"rendered":"http:\/\/elinformanteperu.com\/?p=22423"},"modified":"2018-02-09T00:08:36","modified_gmt":"2018-02-09T05:08:36","slug":"peru-convoca-a-reunion-del-grupo-de-lima-para-abordar-situacion-de-venezuela","status":"publish","type":"post","link":"https:\/\/elinformanteperu.com\/index.php\/2018\/02\/09\/peru-convoca-a-reunion-del-grupo-de-lima-para-abordar-situacion-de-venezuela\/","title":{"rendered":"Per\u00fa convoca a reuni\u00f3n del Grupo de Lima para abordar situaci\u00f3n de Venezuela"},"content":{"rendered":"<p><strong><span style=\"color: #000000;\">El Gobierno del Per\u00fa ha invitado a los pa\u00edses miembros del Grupo de Lima a reunirse este martes 13 de febrero, a fin de evaluar las medidas que corresponde adoptar ante la situaci\u00f3n venezolana.<\/span><\/strong><\/p>\n<p><span style=\"color: #000000;\"><strong>Lima, 08 Febrero 2018, (ANDINA).-<\/strong> El Gobierno del Per\u00fa ha invitado a los pa\u00edses miembros del Grupo de Lima a reunirse este martes 13 de febrero en la capital peruana, a fin de evaluar las medidas que corresponde adoptar ante el desarrollo de la situaci\u00f3n pol\u00edtica venezolana.<\/span><\/p>\n<p><span style=\"color: #000000;\">Argument\u00f3 que la decisi\u00f3n de las autoridades electorales de Venezuela de convocar a elecciones anticipadas para el pr\u00f3ximo 22 de abril, no permitir\u00edan realizar un proceso justo, libre, transparente y democr\u00e1tico.<\/span><\/p>\n<p><span style=\"color: #000000;\">El Ministerio de Relaciones Exteriores de Per\u00fa inform\u00f3 sobre esa decisi\u00f3n a trav\u00e9s de una nota de prensa.<\/span><\/p>\n<p><span style=\"color: #000000;\">El Grupo de Lima est\u00e1 integrado por Argentina, Canad\u00e1, Chile, Colombia, Guatemala, Honduras, M\u00e9xico, Panam\u00e1, Paraguay, Per\u00fa, Brasil y Costa Rica.<\/span><\/p>\n<p><span style=\"color: #000000;\">La convocatoria se hace luego que la presidenta del Consejo Nacional Electoral (CNE) de Venezuela, Tibisay Lucena, anunci\u00f3 que las elecciones presidenciales en su pa\u00eds se celebrar\u00e1n el pr\u00f3ximo 22 de abril.<\/span><\/p>\n<p><span style=\"color: #000000;\">Esto tras recibir un decreto de la oficialista Asamblea Nacional Constituyente (ANC), que orden\u00f3 realizar los comicios antes de mayo.<\/span><\/p>\n<p><span style=\"color: #000000;\">El pasado 23 de enero, el Grupo de Lima rechaz\u00f3 la decisi\u00f3n unilateral de la ANC de adelantar los comicios a una fecha por determinar antes del 30 de abril, cuando generalmente se efect\u00faan a finales de a\u00f1o.<\/span><\/p>\n","protected":false},"excerpt":{"rendered":"<p>El Gobierno del Per\u00fa ha invitado a los pa\u00edses miembros del Grupo de Lima a reunirse este martes 13 de febrero, a fin de evaluar las medidas que corresponde adoptar ante la situaci\u00f3n venezolana. Lima, 08 Febrero 2018, (ANDINA).- El Gobierno del Per\u00fa ha invitado a los pa\u00edses miembros del Grupo de Lima a reunirse [&hellip;]<\/p>\n","protected":false},"author":1,"featured_media":1683,"comment_status":"open","ping_status":"open","sticky":false,"template":"","format":"standard","meta":{"rop_custom_images_group":[],"rop_custom_messages_group":[],"rop_publish_now":"initial","rop_publish_now_accounts":[],"rop_publish_now_history":[],"rop_publish_now_status":"pending","footnotes":""},"categories":[5],"tags":[294,293,1974],"class_list":["post-22423","post","type-post","status-publish","format-standard","has-post-thumbnail","hentry","category-actualidad-informativa","tag-cancilleria","tag-ministerio-de-relaciones-exteriores","tag-nicolas-maduro"],"_links":{"self":[{"href":"https:\/\/elinformanteperu.com\/index.php\/wp-json\/wp\/v2\/posts\/22423","targetHints":{"allow":["GET"]}}],"collection":[{"href":"https:\/\/elinformanteperu.com\/index.php\/wp-json\/wp\/v2\/posts"}],"about":[{"href":"https:\/\/elinformanteperu.com\/index.php\/wp-json\/wp\/v2\/types\/post"}],"author":[{"embeddable":true,"href":"https:\/\/elinformanteperu.com\/index.php\/wp-json\/wp\/v2\/users\/1"}],"replies":[{"embeddable":true,"href":"https:\/\/elinformanteperu.com\/index.php\/wp-json\/wp\/v2\/comments?post=22423"}],"version-history":[{"count":1,"href":"https:\/\/elinformanteperu.com\/index.php\/wp-json\/wp\/v2\/posts\/22423\/revisions"}],"predecessor-version":[{"id":22424,"href":"https:\/\/elinformanteperu.com\/index.php\/wp-json\/wp\/v2\/posts\/22423\/revisions\/22424"}],"wp:featuredmedia":[{"embeddable":true,"href":"https:\/\/elinformanteperu.com\/index.php\/wp-json\/wp\/v2\/media\/1683"}],"wp:attachment":[{"href":"https:\/\/elinformanteperu.com\/index.php\/wp-json\/wp\/v2\/media?parent=22423"}],"wp:term":[{"taxonomy":"category","embeddable":true,"href":"https:\/\/elinformanteperu.com\/index.php\/wp-json\/wp\/v2\/categories?post=22423"},{"taxonomy":"post_tag","embeddable":true,"href":"https:\/\/elinformanteperu.com\/index.php\/wp-json\/wp\/v2\/tags?post=22423"}],"curies":[{"name":"wp","href":"https:\/\/api.w.org\/{rel}","templated":true}]}}