{"id":22420,"date":"2018-02-09T00:05:00","date_gmt":"2018-02-09T05:05:00","guid":{"rendered":"http:\/\/elinformanteperu.com\/?p=22420"},"modified":"2018-02-09T00:05:00","modified_gmt":"2018-02-09T05:05:00","slug":"araoz-se-reunio-con-padres-de-nina-asesinada-en-san-juan-de-lurigancho","status":"publish","type":"post","link":"https:\/\/elinformanteperu.com\/index.php\/2018\/02\/09\/araoz-se-reunio-con-padres-de-nina-asesinada-en-san-juan-de-lurigancho\/","title":{"rendered":"Ar\u00e1oz se reuni\u00f3 con padres de ni\u00f1a asesinada en San Juan de Lurigancho"},"content":{"rendered":"<p><strong><span style=\"color: #000000;\">La presidenta del Consejo de Ministros, Mercedes Ar\u00e1oz, recibi\u00f3 a los padres de la menor de 11 a\u00f1os que fue violada y asesinada en San Juan de Lurigancho.<\/span><\/strong><\/p>\n<p><span style=\"color: #000000;\"><strong>Lima, 08 Febrero 2018, (ANDINA).-<\/strong> La presidenta del Consejo de Ministros, Mercedes Ar\u00e1oz, recibi\u00f3 a los padres de la menor de 11 a\u00f1os que fue secuestrada, violada y asesinada en San Juan de Lurigancho.<\/span><\/p>\n<p><span style=\"color: #000000;\">Diana Ruiz y Jorge Vellaneda, padres de la menor asesinada llegaron a la sede de la Presidencia del Consejo de Ministros.<\/span><\/p>\n<p><span style=\"color: #000000;\">Mercedes Ar\u00e1oz le dijo a Diana Ruiz que C\u00e9sar Alva Mendoza, violador y asesino de la menor, recibir\u00e1 el castigo que merece.<\/span><\/p>\n<p><span style=\"color: #000000;\">\u201cNunca va a salir, vamos a luchar por eso, lo lamento tanto (&#8230;)\u201d, se\u00f1al\u00f3 Mercedes Ar\u00e1oz entre l\u00e1grimas.<\/span><\/p>\n<p><span style=\"color: #000000;\">Hoy se realiza una manifestaci\u00f3n en la plaza San Mart\u00edn, en el Centro de Lima, en la que diversos ciudadanos exigen una sanci\u00f3n ejemplar en los casos de violaci\u00f3n sexual de menores cometidos en el Per\u00fa.<\/span><\/p>\n<p><span style=\"color: #000000;\">La movilizaci\u00f3n es un llamado de atenci\u00f3n a las autoridades policiales, judiciales, pol\u00edticas y a la sociedad civil en conjunto a ra\u00edz de la violaci\u00f3n y posterior asesinato de la ni\u00f1a de 11 a\u00f1os en San Juan de Lurigancho.<\/span><\/p>\n","protected":false},"excerpt":{"rendered":"<p>La presidenta del Consejo de Ministros, Mercedes Ar\u00e1oz, recibi\u00f3 a los padres de la menor de 11 a\u00f1os que fue violada y asesinada en San Juan de Lurigancho. Lima, 08 Febrero 2018, (ANDINA).- La presidenta del Consejo de Ministros, Mercedes Ar\u00e1oz, recibi\u00f3 a los padres de la menor de 11 a\u00f1os que fue secuestrada, violada [&hellip;]<\/p>\n","protected":false},"author":1,"featured_media":22421,"comment_status":"open","ping_status":"open","sticky":false,"template":"","format":"standard","meta":{"rop_custom_images_group":[],"rop_custom_messages_group":[],"rop_publish_now":"initial","rop_publish_now_accounts":[],"rop_publish_now_history":[],"rop_publish_now_status":"pending","footnotes":""},"categories":[5],"tags":[2751,79,189,2317],"class_list":["post-22420","post","type-post","status-publish","format-standard","has-post-thumbnail","hentry","category-actualidad-informativa","tag-cesar-alva-mendoza","tag-mercedes-araoz","tag-pcm","tag-presidencia-del-consejo-de-ministros"],"_links":{"self":[{"href":"https:\/\/elinformanteperu.com\/index.php\/wp-json\/wp\/v2\/posts\/22420","targetHints":{"allow":["GET"]}}],"collection":[{"href":"https:\/\/elinformanteperu.com\/index.php\/wp-json\/wp\/v2\/posts"}],"about":[{"href":"https:\/\/elinformanteperu.com\/index.php\/wp-json\/wp\/v2\/types\/post"}],"author":[{"embeddable":true,"href":"https:\/\/elinformanteperu.com\/index.php\/wp-json\/wp\/v2\/users\/1"}],"replies":[{"embeddable":true,"href":"https:\/\/elinformanteperu.com\/index.php\/wp-json\/wp\/v2\/comments?post=22420"}],"version-history":[{"count":1,"href":"https:\/\/elinformanteperu.com\/index.php\/wp-json\/wp\/v2\/posts\/22420\/revisions"}],"predecessor-version":[{"id":22422,"href":"https:\/\/elinformanteperu.com\/index.php\/wp-json\/wp\/v2\/posts\/22420\/revisions\/22422"}],"wp:featuredmedia":[{"embeddable":true,"href":"https:\/\/elinformanteperu.com\/index.php\/wp-json\/wp\/v2\/media\/22421"}],"wp:attachment":[{"href":"https:\/\/elinformanteperu.com\/index.php\/wp-json\/wp\/v2\/media?parent=22420"}],"wp:term":[{"taxonomy":"category","embeddable":true,"href":"https:\/\/elinformanteperu.com\/index.php\/wp-json\/wp\/v2\/categories?post=22420"},{"taxonomy":"post_tag","embeddable":true,"href":"https:\/\/elinformanteperu.com\/index.php\/wp-json\/wp\/v2\/tags?post=22420"}],"curies":[{"name":"wp","href":"https:\/\/api.w.org\/{rel}","templated":true}]}}