{"id":22418,"date":"2018-02-09T00:01:34","date_gmt":"2018-02-09T05:01:34","guid":{"rendered":"http:\/\/elinformanteperu.com\/?p=22418"},"modified":"2018-02-09T00:01:34","modified_gmt":"2018-02-09T05:01:34","slug":"chlimper-confia-que-barata-no-comprometera-a-keiko-fujimori","status":"publish","type":"post","link":"https:\/\/elinformanteperu.com\/index.php\/2018\/02\/09\/chlimper-confia-que-barata-no-comprometera-a-keiko-fujimori\/","title":{"rendered":"Chlimper conf\u00eda que Barata no comprometer\u00e1 a Keiko Fujimori"},"content":{"rendered":"<p><strong><span style=\"color: #000000;\">El secretario general de Fuerza Popular, Jos\u00e9 Chlimper, se mostr\u00f3 confiado en que Jorge Barata, exrepresentante de Odebrecht en el Per\u00fa, no comprometer\u00e1 a Keiko Fujimori.<\/span><\/strong><\/p>\n<p><span style=\"color: #000000;\"><strong>Lima, 08 Febrero 2018, (ANDINA).-<\/strong> El secretario general de Fuerza Popular, Jos\u00e9 Chlimper, se mostr\u00f3 confiado en que Jorge Barata, exrepresentante de Odebrecht en el Per\u00fa, no comprometer\u00e1 a Keiko Fujimori en las declaraciones que ofrecer\u00e1 a fiscales peruanos.<\/span><\/p>\n<p><span style=\"color: #000000;\">En declaraciones a la prensa, sostuvo que Barata confirmar\u00e1 que la excandidata presidencial ni el partido Fuerza Popular recibieron dinero de Odebrecht ni de sus \u00absat\u00e9lites\u201d.<\/span><\/p>\n<p><span style=\"color: #000000;\">\u201cEstoy seguro de que no la va a comprometer y que confirmar\u00e1 lo que dijo Odebrecht, que no conoce a Keiko y que \u00e9l supone que le daban (dinero) porque era una pol\u00edtica de darles a todos\u2026Barata confirmar\u00e1 que no le dio dinero a Keiko Fujimori ni a Fuerza Popular\u201d, apunt\u00f3.<\/span><\/p>\n<p><span style=\"color: #000000;\">Precis\u00f3 que la Fiscal\u00eda, que investiga a la lideresa de su partido, les entreg\u00f3 oficialmente las declaraciones de Marcelo Odebrecht en las cuales afirma que no puede confirmar que Fuerza Popular recibi\u00f3 apoyo de su empresa.<\/span><\/p>\n<p><span style=\"color: #000000;\">Jorge Barata, quien se acogi\u00f3 a la colaboraci\u00f3n eficaz, rendir\u00e1 declaraciones el 28 y 29 de febrero ante los fiscales Germ\u00e1n Ju\u00e1rez, que investiga al expresidente Ollanta Humala y su esposa Nadine Heredia; y el fiscal Jos\u00e9 Domingo P\u00e9rez, que investiga a Keiko Fujimori y Fuerza Popular.<\/span><\/p>\n<p><strong><span style=\"color: #000000;\">Han hecho bien en irse<\/span><\/strong><\/p>\n<p><span style=\"color: #000000;\">Chlimper, asimismo, consider\u00f3 que \u201chan hecho bien en irse\u201d de Fuerza Popular un grupo de parlamentarios junto a Kenji Fujimori, tras negar que exista un presunto autoritarismo en el partido, como denunciaron los renunciantes.<\/span><\/p>\n<p><span style=\"color: #000000;\">Explic\u00f3 que del grupo de diez parlamentarios solo tres eran parte de Fuerza Popular, por lo cual fueron expulsados en aplicaci\u00f3n de reglamento partidario. Con resto de renunciantes, indic\u00f3, no corresponde tomar ninguna acci\u00f3n como partido.<\/span><\/p>\n<p><span style=\"color: #000000;\">\u201cEn el caso Kenji no puedo hacer ninguna expresi\u00f3n porque como secretario general soy la segunda instancia si alguien presenta un recurso. No puedo adelantar opini\u00f3n\u201d, afirm\u00f3.<\/span><\/p>\n<p><span style=\"color: #000000;\">Chlimper se present\u00f3 hoy como testigo ante la comisi\u00f3n Lava Jato, en su condici\u00f3n de exdirectivo de la empresa Gra\u00f1a y Montero, implicada en el presunto pago de una coima en sociedad con Odebrecht por la carretera Interoce\u00e1nica.<\/span><\/p>\n","protected":false},"excerpt":{"rendered":"<p>El secretario general de Fuerza Popular, Jos\u00e9 Chlimper, se mostr\u00f3 confiado en que Jorge Barata, exrepresentante de Odebrecht en el Per\u00fa, no comprometer\u00e1 a Keiko Fujimori. Lima, 08 Febrero 2018, (ANDINA).- El secretario general de Fuerza Popular, Jos\u00e9 Chlimper, se mostr\u00f3 confiado en que Jorge Barata, exrepresentante de Odebrecht en el Per\u00fa, no comprometer\u00e1 a [&hellip;]<\/p>\n","protected":false},"author":1,"featured_media":20743,"comment_status":"open","ping_status":"open","sticky":false,"template":"","format":"standard","meta":{"rop_custom_images_group":[],"rop_custom_messages_group":[],"rop_publish_now":"initial","rop_publish_now_accounts":[],"rop_publish_now_history":[],"rop_publish_now_status":"pending","footnotes":""},"categories":[5],"tags":[295,1157,2461,557],"class_list":["post-22418","post","type-post","status-publish","format-standard","has-post-thumbnail","hentry","category-actualidad-informativa","tag-fuerza-popular","tag-jorge-barata","tag-jose-chlimper","tag-keiko-fujimori"],"_links":{"self":[{"href":"https:\/\/elinformanteperu.com\/index.php\/wp-json\/wp\/v2\/posts\/22418","targetHints":{"allow":["GET"]}}],"collection":[{"href":"https:\/\/elinformanteperu.com\/index.php\/wp-json\/wp\/v2\/posts"}],"about":[{"href":"https:\/\/elinformanteperu.com\/index.php\/wp-json\/wp\/v2\/types\/post"}],"author":[{"embeddable":true,"href":"https:\/\/elinformanteperu.com\/index.php\/wp-json\/wp\/v2\/users\/1"}],"replies":[{"embeddable":true,"href":"https:\/\/elinformanteperu.com\/index.php\/wp-json\/wp\/v2\/comments?post=22418"}],"version-history":[{"count":1,"href":"https:\/\/elinformanteperu.com\/index.php\/wp-json\/wp\/v2\/posts\/22418\/revisions"}],"predecessor-version":[{"id":22419,"href":"https:\/\/elinformanteperu.com\/index.php\/wp-json\/wp\/v2\/posts\/22418\/revisions\/22419"}],"wp:featuredmedia":[{"embeddable":true,"href":"https:\/\/elinformanteperu.com\/index.php\/wp-json\/wp\/v2\/media\/20743"}],"wp:attachment":[{"href":"https:\/\/elinformanteperu.com\/index.php\/wp-json\/wp\/v2\/media?parent=22418"}],"wp:term":[{"taxonomy":"category","embeddable":true,"href":"https:\/\/elinformanteperu.com\/index.php\/wp-json\/wp\/v2\/categories?post=22418"},{"taxonomy":"post_tag","embeddable":true,"href":"https:\/\/elinformanteperu.com\/index.php\/wp-json\/wp\/v2\/tags?post=22418"}],"curies":[{"name":"wp","href":"https:\/\/api.w.org\/{rel}","templated":true}]}}