{"id":22412,"date":"2018-02-08T23:28:34","date_gmt":"2018-02-09T04:28:34","guid":{"rendered":"http:\/\/elinformanteperu.com\/?p=22412"},"modified":"2018-02-08T23:28:34","modified_gmt":"2018-02-09T04:28:34","slug":"jose-chlimper-se-presento-ante-la-comision-lava-jato","status":"publish","type":"post","link":"https:\/\/elinformanteperu.com\/index.php\/2018\/02\/08\/jose-chlimper-se-presento-ante-la-comision-lava-jato\/","title":{"rendered":"Jos\u00e9 Chlimper se present\u00f3 ante la comisi\u00f3n Lava Jato"},"content":{"rendered":"<p><strong><span style=\"color: #000000;\">El secretario general de Fuerza Popular, Jos\u00e9 Chlimper Ackerman, se present\u00f3 ante la comisi\u00f3n Lava Jato del Congreso de la Rep\u00fablica.<\/span><\/strong><\/p>\n<p><span style=\"color: #000000;\"><strong>Lima, 08 Febrero 2018, (ANDINA).-<\/strong> El secretario general de Fuerza Popular, Jos\u00e9 Chlimper Ackerman, se presenta ante la comisi\u00f3n Lava Jato del Congreso de la Rep\u00fablica en su calidad de exdirectivo de la constructora Gra\u00f1a y Montero entre los a\u00f1os 2008 y 2014.<\/span><\/p>\n<p><span style=\"color: #000000;\">Durante su testimonio, precis\u00f3 que no conoce a Marcelo Odebrecht, propietario de la constructora brasile\u00f1a, y que vio una vez a Jorge Barata, exrepresentante de esa empresa en el Per\u00fa, durante un almuerzo con otros empresarios para hablar sobre el proyecto H2Olmos.<\/span><\/p>\n<p><span style=\"color: #000000;\">Indic\u00f3, asimismo, que no fue auditor contable de la constructora Gra\u00f1a y Montero ni es accionista de la misma. Integr\u00f3, seg\u00fan dijo, el Comit\u00e9 de Recursos Humanos y el Comit\u00e9 de Proceso y Auditor\u00edas.<\/span><\/p>\n<p><span style=\"color: #000000;\">La congresista Rosa Bartra (FP) preside la sesi\u00f3n de la comisi\u00f3n Lava Jato a la cual asistir\u00e1n tambi\u00e9n como invitados varios exdirectores de Gra\u00f1a y Montero SAA. como Hugo Santa Mar\u00eda Guzm\u00e1n (2011-2014), Roberto Abusada Salah (2005-2014), y Jos\u00e9 Colomer Guiu (2011-2014).<\/span><\/p>\n<p><span style=\"color: #000000;\">Refiri\u00f3 que cuando presidi\u00f3 el Comit\u00e9 de Auditor\u00eda y Procesos no recibi\u00f3 la visita de nadie ajeno a la compa\u00f1\u00eda en relaci\u00f3n a la construcci\u00f3n de la carretera Interoce\u00e1nica, por la cual se investiga a esta empresa por el presunto pago de una coima en sociedad con Odebrecht.<\/span><\/p>\n<p><span style=\"color: #000000;\">Sostuvo que su condici\u00f3n de director del Banco Central de Reserva (BCR) no representa una incompatibilidad con las funciones de director que tuvo en el ejercicio de su actividad privada.<\/span><\/p>\n","protected":false},"excerpt":{"rendered":"<p>El secretario general de Fuerza Popular, Jos\u00e9 Chlimper Ackerman, se present\u00f3 ante la comisi\u00f3n Lava Jato del Congreso de la Rep\u00fablica. Lima, 08 Febrero 2018, (ANDINA).- El secretario general de Fuerza Popular, Jos\u00e9 Chlimper Ackerman, se presenta ante la comisi\u00f3n Lava Jato del Congreso de la Rep\u00fablica en su calidad de exdirectivo de la constructora [&hellip;]<\/p>\n","protected":false},"author":1,"featured_media":22413,"comment_status":"open","ping_status":"open","sticky":false,"template":"","format":"standard","meta":{"rop_custom_images_group":[],"rop_custom_messages_group":[],"rop_publish_now":"initial","rop_publish_now_accounts":[],"rop_publish_now_history":[],"rop_publish_now_status":"pending","footnotes":""},"categories":[5],"tags":[192,295,2461,619],"class_list":["post-22412","post","type-post","status-publish","format-standard","has-post-thumbnail","hentry","category-actualidad-informativa","tag-congreso","tag-fuerza-popular","tag-jose-chlimper","tag-odebrecht"],"_links":{"self":[{"href":"https:\/\/elinformanteperu.com\/index.php\/wp-json\/wp\/v2\/posts\/22412","targetHints":{"allow":["GET"]}}],"collection":[{"href":"https:\/\/elinformanteperu.com\/index.php\/wp-json\/wp\/v2\/posts"}],"about":[{"href":"https:\/\/elinformanteperu.com\/index.php\/wp-json\/wp\/v2\/types\/post"}],"author":[{"embeddable":true,"href":"https:\/\/elinformanteperu.com\/index.php\/wp-json\/wp\/v2\/users\/1"}],"replies":[{"embeddable":true,"href":"https:\/\/elinformanteperu.com\/index.php\/wp-json\/wp\/v2\/comments?post=22412"}],"version-history":[{"count":1,"href":"https:\/\/elinformanteperu.com\/index.php\/wp-json\/wp\/v2\/posts\/22412\/revisions"}],"predecessor-version":[{"id":22414,"href":"https:\/\/elinformanteperu.com\/index.php\/wp-json\/wp\/v2\/posts\/22412\/revisions\/22414"}],"wp:featuredmedia":[{"embeddable":true,"href":"https:\/\/elinformanteperu.com\/index.php\/wp-json\/wp\/v2\/media\/22413"}],"wp:attachment":[{"href":"https:\/\/elinformanteperu.com\/index.php\/wp-json\/wp\/v2\/media?parent=22412"}],"wp:term":[{"taxonomy":"category","embeddable":true,"href":"https:\/\/elinformanteperu.com\/index.php\/wp-json\/wp\/v2\/categories?post=22412"},{"taxonomy":"post_tag","embeddable":true,"href":"https:\/\/elinformanteperu.com\/index.php\/wp-json\/wp\/v2\/tags?post=22412"}],"curies":[{"name":"wp","href":"https:\/\/api.w.org\/{rel}","templated":true}]}}