{"id":22391,"date":"2018-02-08T22:53:36","date_gmt":"2018-02-09T03:53:36","guid":{"rendered":"http:\/\/elinformanteperu.com\/?p=22391"},"modified":"2018-02-08T22:53:36","modified_gmt":"2018-02-09T03:53:36","slug":"defensoria-del-pueblo-pide-no-dictar-talleres-para-ninos-en-comisarias","status":"publish","type":"post","link":"https:\/\/elinformanteperu.com\/index.php\/2018\/02\/08\/defensoria-del-pueblo-pide-no-dictar-talleres-para-ninos-en-comisarias\/","title":{"rendered":"Defensor\u00eda del Pueblo pide no dictar talleres para ni\u00f1os en comisar\u00edas"},"content":{"rendered":"<p><strong><span style=\"color: #000000;\">Suspender inmediatamente los talleres de verano y otras actividades dirigidas a menores en las comisar\u00edas pidi\u00f3 la Defensor\u00eda del Pueblo, tras considerarlos espacios inadecuados para tales fines.<\/span><\/strong><\/p>\n<p><span style=\"color: #000000;\"><strong>Lima, 08 Febrero 2018, (ANDINA).-<\/strong> Suspender inmediatamente los talleres de verano y otras actividades dirigidas a menores en las comisar\u00edas pidi\u00f3 la Defensor\u00eda del Pueblo, tras considerarlos espacios inadecuados para tales fines.<\/span><\/p>\n<p><span style=\"color: #000000;\">Advirti\u00f3 que no existen protocolos de seguridad que impidan el contacto de los ni\u00f1os con los detenidos o p\u00fablico usuario, adem\u00e1s que dichos espacios suelen albergar material de peligrosa manipulaci\u00f3n como armas de fuego, explosivos, entre otros.<\/span><\/p>\n<p><span style=\"color: #000000;\">La instituci\u00f3n salud\u00f3 que la Polic\u00eda Nacional del Per\u00fa (PNP) realice actividades educativas a favor de la comunidad, sin embargo, consider\u00f3 que estas deben ser debidamente organizadas e impartidas por personal especializado.<\/span><\/p>\n<p><span style=\"color: #000000;\">Sostuvo adem\u00e1s que los espacios orientados a dichas actividades deben ser seguros y para tales fines existen los centros educativos \u2013que en los meses de verano est\u00e1n disponibles\u2013 o distintas instalaciones municipales, como las bibliotecas p\u00fablicas.<\/span><\/p>\n<p><strong><span style=\"color: #000000;\">Investigaci\u00f3n policial<\/span><\/strong><\/p>\n<p><span style=\"color: #000000;\">La semana pasada, una ni\u00f1a de 11 a\u00f1os fue raptada, violada y finalmente asesinada en San Juan de Lurigancho tras asistir a un taller de pedrer\u00eda organizado por la comisar\u00eda de Canto Rey.<\/span><\/p>\n<p><span style=\"color: #000000;\">Tras diversas investigaciones, la Polic\u00eda Nacional logr\u00f3 dar con el paradero de su asesino, identificado como C\u00e9sar Alva Mendoza (37), quien era conocido como un consumidor de drogas y que frecuentaba la estaci\u00f3n policial.<\/span><\/p>\n<p><span style=\"color: #000000;\">En im\u00e1genes de las c\u00e1maras de seguridad, se observa cuando se lleva a la ni\u00f1a en su bicicleta. Tras el crimen huy\u00f3 a Ica, donde fue capturado varios d\u00edas despu\u00e9s. Por el momento permanece detenido en la Dirincri en el Centro de Lima.<\/span><\/p>\n<p><span style=\"color: #000000;\">La Defensor\u00eda del Pueblo demand\u00f3 que se determinen las obligaciones y responsabilidades del personal policial que labora en la comisar\u00eda de Canto Rey y se sancione a los funcionarios que las incumplieron al permitir que C\u00e9sar Alva Mendoza entre en contacto con la menor asesinada, de nombre Jimena.<\/span><\/p>\n<p><strong><span style=\"color: #000000;\">Personal cambiado<\/span><\/strong><\/p>\n<p><span style=\"color: #000000;\">Al respecto, el comisario y todo el personal de dicha estaci\u00f3n policial fue cambiado al certificarse que dicho sujeto ten\u00eda gran cercan\u00eda con los efectivos de la comisar\u00eda.<\/span><\/p>\n<p><span style=\"color: #000000;\">El general Gustavo Hananel, inspector de la Polic\u00eda Nacional del Per\u00fa (PNP), inform\u00f3 que, en diciembre del 2017, Alva fue intervenido por tr\u00e1fico il\u00edcito de drogas, en la comisar\u00eda de Canto Rey, pero extra\u00f1amente sigui\u00f3 en libertad.<\/span><\/p>\n<p><span style=\"color: #000000;\">Sin embargo, aquella no fue la \u00fanica vez que se salv\u00f3 de ir a la c\u00e1rcel debido a la supuesta protecci\u00f3n de los polic\u00edas. El general Hananel resalt\u00f3 que el 2 de abril del 2014, fue detenido en la comisar\u00eda de Mariscal C\u00e1ceres (en San Juan de Lurigancho) con 248 ketes de pasta b\u00e1sica de coca\u00edna. En esa misma dependencia ten\u00eda una denuncia por haber violado a un menor.<\/span><\/p>\n<p><span style=\"color: #000000;\">Por todos aspectos, sostuvo el general Hananel, existen indicios de presunta comisi\u00f3n de infracciones administrativas y se sancionar\u00e1 a los que resulten responsables.<\/span><\/p>\n","protected":false},"excerpt":{"rendered":"<p>Suspender inmediatamente los talleres de verano y otras actividades dirigidas a menores en las comisar\u00edas pidi\u00f3 la Defensor\u00eda del Pueblo, tras considerarlos espacios inadecuados para tales fines. Lima, 08 Febrero 2018, (ANDINA).- Suspender inmediatamente los talleres de verano y otras actividades dirigidas a menores en las comisar\u00edas pidi\u00f3 la Defensor\u00eda del Pueblo, tras considerarlos espacios [&hellip;]<\/p>\n","protected":false},"author":1,"featured_media":22392,"comment_status":"open","ping_status":"open","sticky":false,"template":"","format":"standard","meta":{"rop_custom_images_group":[],"rop_custom_messages_group":[],"rop_publish_now":"initial","rop_publish_now_accounts":[],"rop_publish_now_history":[],"rop_publish_now_status":"pending","footnotes":""},"categories":[10],"tags":[2751,428,1431],"class_list":["post-22391","post","type-post","status-publish","format-standard","has-post-thumbnail","hentry","category-actualidad-municipal","tag-cesar-alva-mendoza","tag-defensoria-del-pueblo","tag-violacion"],"_links":{"self":[{"href":"https:\/\/elinformanteperu.com\/index.php\/wp-json\/wp\/v2\/posts\/22391","targetHints":{"allow":["GET"]}}],"collection":[{"href":"https:\/\/elinformanteperu.com\/index.php\/wp-json\/wp\/v2\/posts"}],"about":[{"href":"https:\/\/elinformanteperu.com\/index.php\/wp-json\/wp\/v2\/types\/post"}],"author":[{"embeddable":true,"href":"https:\/\/elinformanteperu.com\/index.php\/wp-json\/wp\/v2\/users\/1"}],"replies":[{"embeddable":true,"href":"https:\/\/elinformanteperu.com\/index.php\/wp-json\/wp\/v2\/comments?post=22391"}],"version-history":[{"count":1,"href":"https:\/\/elinformanteperu.com\/index.php\/wp-json\/wp\/v2\/posts\/22391\/revisions"}],"predecessor-version":[{"id":22393,"href":"https:\/\/elinformanteperu.com\/index.php\/wp-json\/wp\/v2\/posts\/22391\/revisions\/22393"}],"wp:featuredmedia":[{"embeddable":true,"href":"https:\/\/elinformanteperu.com\/index.php\/wp-json\/wp\/v2\/media\/22392"}],"wp:attachment":[{"href":"https:\/\/elinformanteperu.com\/index.php\/wp-json\/wp\/v2\/media?parent=22391"}],"wp:term":[{"taxonomy":"category","embeddable":true,"href":"https:\/\/elinformanteperu.com\/index.php\/wp-json\/wp\/v2\/categories?post=22391"},{"taxonomy":"post_tag","embeddable":true,"href":"https:\/\/elinformanteperu.com\/index.php\/wp-json\/wp\/v2\/tags?post=22391"}],"curies":[{"name":"wp","href":"https:\/\/api.w.org\/{rel}","templated":true}]}}