{"id":22388,"date":"2018-02-08T22:49:18","date_gmt":"2018-02-09T03:49:18","guid":{"rendered":"http:\/\/elinformanteperu.com\/?p=22388"},"modified":"2018-02-08T22:49:18","modified_gmt":"2018-02-09T03:49:18","slug":"obras-de-mejoramiento-en-av-aramburu-si-se-realizaran-asegura-castaneda","status":"publish","type":"post","link":"https:\/\/elinformanteperu.com\/index.php\/2018\/02\/08\/obras-de-mejoramiento-en-av-aramburu-si-se-realizaran-asegura-castaneda\/","title":{"rendered":"Obras de mejoramiento en Av. Arambur\u00fa s\u00ed se realizar\u00e1n, asegura Casta\u00f1eda"},"content":{"rendered":"<p><strong><span style=\"color: #000000;\">El alcalde de Lima, Luis Casta\u00f1eda Lossio, afirm\u00f3 que las obras de mejoramiento en la avenida Arambur\u00fa s\u00ed se realizar\u00e1n.<\/span><\/strong><\/p>\n<p><span style=\"color: #000000;\"><strong>Lima, 08 Febrero 2018, (ANDINA).-<\/strong> El alcalde de Lima, Luis Casta\u00f1eda Lossio, afirm\u00f3 que las obras de mejoramiento en la avenida Arambur\u00fa s\u00ed se realizar\u00e1n, al confiar en un pronunciamiento positivo por parte del Poder Judicial, debido a que se cuenta con la documentaci\u00f3n suficiente para fundamentar que beneficia a los vecinos y el medioambiente.<\/span><\/p>\n<p><span style=\"color: #000000;\">\u201cHan paralizado una obra que no se ha iniciado. En cuanto a estudios ambientales, tenemos un expediente de m\u00e1s de mil folios. Confiamos en que el tema judicial se resolver\u00e1 a favor de la Municipalidad de Lima. El proyecto es muy beneficioso en materia ambiental, porque colocaremos muchos m\u00e1s \u00e1rboles de los que se retirar\u00e1n. Nosotros somos conocidos por el sembrado de \u00e1rboles\u201d, enfatiz\u00f3.<\/span><\/p>\n<p><span style=\"color: #000000;\">Explic\u00f3 que la avenida Arambur\u00fa cuenta con tres carriles cuando la transitamos desde la avenida Arequipa, y desde Paseo de la Rep\u00fablica pasa a dos carriles, generando un \u2018cuello de botella\u2019. Nosotros le daremos continuidad a la v\u00eda\u201d, dijo.<\/span><\/p>\n<p><strong><span style=\"color: #000000;\">Respuesta de Velarde<\/span><\/strong><\/p>\n<p><span style=\"color: #000000;\">Por su parte, el alcalde de San Isidro, Manuel Velarde, record\u00f3 en Canal N que una medida cautelar del Poder Judicial ha ordenado a la Municipalidad de Lima se abstenga de realizar cualquier acto porque no cuenta con los permisos ambientales correspondientes.<\/span><\/p>\n<p><span style=\"color: #000000;\">\u00abCuando escucho al alcalde Casta\u00f1eda mencionar que la obra va o va, yo estoy escuchando a un cacique que no respeta la ley y que est\u00e1 sobre cualquier pronunciamiento o resoluci\u00f3n judicial\u00bb, dijo Velarde.<\/span><\/p>\n<p><span style=\"color: #000000;\">Tras se\u00f1alar que est\u00e1 comprobado que para ampliar un tercer carril se atentar\u00e1 contra las \u00e1reas verdes, el alcalde pidi\u00f3 a los representantes del Ministerio del Ambiente y del de Transportes no caer en el juego del alcalde Casta\u00f1eda.<\/span><\/p>\n","protected":false},"excerpt":{"rendered":"<p>El alcalde de Lima, Luis Casta\u00f1eda Lossio, afirm\u00f3 que las obras de mejoramiento en la avenida Arambur\u00fa s\u00ed se realizar\u00e1n. Lima, 08 Febrero 2018, (ANDINA).- El alcalde de Lima, Luis Casta\u00f1eda Lossio, afirm\u00f3 que las obras de mejoramiento en la avenida Arambur\u00fa s\u00ed se realizar\u00e1n, al confiar en un pronunciamiento positivo por parte del Poder [&hellip;]<\/p>\n","protected":false},"author":1,"featured_media":22389,"comment_status":"open","ping_status":"open","sticky":false,"template":"","format":"standard","meta":{"rop_custom_images_group":[],"rop_custom_messages_group":[],"rop_publish_now":"initial","rop_publish_now_accounts":[],"rop_publish_now_history":[],"rop_publish_now_status":"pending","footnotes":""},"categories":[10],"tags":[206,1933,122,450],"class_list":["post-22388","post","type-post","status-publish","format-standard","has-post-thumbnail","hentry","category-actualidad-municipal","tag-luis-castaneda-lossio","tag-manuel-velarde","tag-municipalidad-de-lima","tag-municipalidad-de-san-isidro"],"_links":{"self":[{"href":"https:\/\/elinformanteperu.com\/index.php\/wp-json\/wp\/v2\/posts\/22388","targetHints":{"allow":["GET"]}}],"collection":[{"href":"https:\/\/elinformanteperu.com\/index.php\/wp-json\/wp\/v2\/posts"}],"about":[{"href":"https:\/\/elinformanteperu.com\/index.php\/wp-json\/wp\/v2\/types\/post"}],"author":[{"embeddable":true,"href":"https:\/\/elinformanteperu.com\/index.php\/wp-json\/wp\/v2\/users\/1"}],"replies":[{"embeddable":true,"href":"https:\/\/elinformanteperu.com\/index.php\/wp-json\/wp\/v2\/comments?post=22388"}],"version-history":[{"count":1,"href":"https:\/\/elinformanteperu.com\/index.php\/wp-json\/wp\/v2\/posts\/22388\/revisions"}],"predecessor-version":[{"id":22390,"href":"https:\/\/elinformanteperu.com\/index.php\/wp-json\/wp\/v2\/posts\/22388\/revisions\/22390"}],"wp:featuredmedia":[{"embeddable":true,"href":"https:\/\/elinformanteperu.com\/index.php\/wp-json\/wp\/v2\/media\/22389"}],"wp:attachment":[{"href":"https:\/\/elinformanteperu.com\/index.php\/wp-json\/wp\/v2\/media?parent=22388"}],"wp:term":[{"taxonomy":"category","embeddable":true,"href":"https:\/\/elinformanteperu.com\/index.php\/wp-json\/wp\/v2\/categories?post=22388"},{"taxonomy":"post_tag","embeddable":true,"href":"https:\/\/elinformanteperu.com\/index.php\/wp-json\/wp\/v2\/tags?post=22388"}],"curies":[{"name":"wp","href":"https:\/\/api.w.org\/{rel}","templated":true}]}}