{"id":22358,"date":"2018-02-08T00:28:46","date_gmt":"2018-02-08T05:28:46","guid":{"rendered":"http:\/\/elinformanteperu.com\/?p=22358"},"modified":"2018-02-08T00:28:46","modified_gmt":"2018-02-08T05:28:46","slug":"accion-popular-no-apoyara-mociones-de-vacancia-por-ahora","status":"publish","type":"post","link":"https:\/\/elinformanteperu.com\/index.php\/2018\/02\/08\/accion-popular-no-apoyara-mociones-de-vacancia-por-ahora\/","title":{"rendered":"Acci\u00f3n Popular no apoyar\u00e1 mociones de vacancia por ahora"},"content":{"rendered":"<p><strong><span style=\"color: #000000;\">El vocero de la bancada de Acci\u00f3n Popular, V\u00edctor Garc\u00eda Belaunde, inform\u00f3 que por ahora su agrupaci\u00f3n pol\u00edtica no apoyar\u00e1 las mociones de vacancia presidencial.<\/span><\/strong><\/p>\n<p><span style=\"color: #000000;\"><strong>Lima, 07 Febrero 2018, (ANDINA).-<\/strong> El vocero de la bancada de Acci\u00f3n Popular, V\u00edctor Garc\u00eda Belaunde, inform\u00f3 que por ahora su agrupaci\u00f3n pol\u00edtica no apoyar\u00e1 las mociones de vacancia presidencial anunciadas por Nuevo Per\u00fa y el Frente Amplio.<\/span><\/p>\n<p><span style=\"color: #000000;\">\u201cNo vamos a participar por ahora en estas dos mociones que est\u00e1n motivadas en parte por el tema del indulto (a Alberto Fujimori)\u201d, declar\u00f3 a la prensa.<\/span><\/p>\n<p><span style=\"color: #000000;\">Para el legislador, la vacancia es meritoria. \u00abPero queremos reforzarla y sustentarla con nuevos elementos para que despu\u00e9s no se diga nada ni se acuse de ligereza ni de prontitud ni de ser vacancia &#8216;express&#8217;\u201d.<\/span><\/p>\n<p><span style=\"color: #000000;\">La semana pasada, las bancadas de Nuevo Per\u00fa y Frente Amplio presentaron dos mociones de vacancia contra el presidente Pedro Pablo Kuczynski.<\/span><\/p>\n<p><span style=\"color: #000000;\">En su pedido, Nuevo Per\u00fa argument\u00f3 la presunta vinculaci\u00f3n con la empresa brasile\u00f1a Odebrecht y Frente Amplio aleg\u00f3 el tema del indulto a Fujimori.<\/span><\/p>\n<p><span style=\"color: #000000;\">Para Gilbert Violeta, vocero de la bancada oficialista Peruanos por el Kambio, estos nuevos pedidos de vacancia no tienen nada novedoso respecto a la moci\u00f3n debatida en diciembre pasado y que no alcanz\u00f3 los votos para proceder en el pleno del Congreso.<\/span><\/p>\n<p><span style=\"color: #000000;\">Al considerar que se trata de un pedido encubierto por el tema del indulto pidi\u00f3 responsabilidad a las bancadas, en especial a Fuerza Popular.<\/span><\/p>\n","protected":false},"excerpt":{"rendered":"<p>El vocero de la bancada de Acci\u00f3n Popular, V\u00edctor Garc\u00eda Belaunde, inform\u00f3 que por ahora su agrupaci\u00f3n pol\u00edtica no apoyar\u00e1 las mociones de vacancia presidencial. Lima, 07 Febrero 2018, (ANDINA).- El vocero de la bancada de Acci\u00f3n Popular, V\u00edctor Garc\u00eda Belaunde, inform\u00f3 que por ahora su agrupaci\u00f3n pol\u00edtica no apoyar\u00e1 las mociones de vacancia presidencial [&hellip;]<\/p>\n","protected":false},"author":1,"featured_media":22359,"comment_status":"open","ping_status":"open","sticky":false,"template":"","format":"standard","meta":{"rop_custom_images_group":[],"rop_custom_messages_group":[],"rop_publish_now":"initial","rop_publish_now_accounts":[],"rop_publish_now_history":[],"rop_publish_now_status":"pending","footnotes":""},"categories":[5],"tags":[2577,443],"class_list":["post-22358","post","type-post","status-publish","format-standard","has-post-thumbnail","hentry","category-actualidad-informativa","tag-vacancia-ppk","tag-victor-garcia-belaunde"],"_links":{"self":[{"href":"https:\/\/elinformanteperu.com\/index.php\/wp-json\/wp\/v2\/posts\/22358","targetHints":{"allow":["GET"]}}],"collection":[{"href":"https:\/\/elinformanteperu.com\/index.php\/wp-json\/wp\/v2\/posts"}],"about":[{"href":"https:\/\/elinformanteperu.com\/index.php\/wp-json\/wp\/v2\/types\/post"}],"author":[{"embeddable":true,"href":"https:\/\/elinformanteperu.com\/index.php\/wp-json\/wp\/v2\/users\/1"}],"replies":[{"embeddable":true,"href":"https:\/\/elinformanteperu.com\/index.php\/wp-json\/wp\/v2\/comments?post=22358"}],"version-history":[{"count":1,"href":"https:\/\/elinformanteperu.com\/index.php\/wp-json\/wp\/v2\/posts\/22358\/revisions"}],"predecessor-version":[{"id":22360,"href":"https:\/\/elinformanteperu.com\/index.php\/wp-json\/wp\/v2\/posts\/22358\/revisions\/22360"}],"wp:featuredmedia":[{"embeddable":true,"href":"https:\/\/elinformanteperu.com\/index.php\/wp-json\/wp\/v2\/media\/22359"}],"wp:attachment":[{"href":"https:\/\/elinformanteperu.com\/index.php\/wp-json\/wp\/v2\/media?parent=22358"}],"wp:term":[{"taxonomy":"category","embeddable":true,"href":"https:\/\/elinformanteperu.com\/index.php\/wp-json\/wp\/v2\/categories?post=22358"},{"taxonomy":"post_tag","embeddable":true,"href":"https:\/\/elinformanteperu.com\/index.php\/wp-json\/wp\/v2\/tags?post=22358"}],"curies":[{"name":"wp","href":"https:\/\/api.w.org\/{rel}","templated":true}]}}