{"id":22356,"date":"2018-02-08T00:24:17","date_gmt":"2018-02-08T05:24:17","guid":{"rendered":"http:\/\/elinformanteperu.com\/?p=22356"},"modified":"2018-02-08T00:24:17","modified_gmt":"2018-02-08T05:24:17","slug":"pedidos-de-vacancia-presidencial-son-posiciones-extremas-afirma-alejandro-aguinaga","status":"publish","type":"post","link":"https:\/\/elinformanteperu.com\/index.php\/2018\/02\/08\/pedidos-de-vacancia-presidencial-son-posiciones-extremas-afirma-alejandro-aguinaga\/","title":{"rendered":"Pedidos de vacancia presidencial son posiciones extremas, afirma Alejandro Aguinaga"},"content":{"rendered":"<p><strong><span style=\"color: #000000;\">Los pedidos de vacancia contra el presidente Pedro Pablo Kuczynski, son posiciones extremas, indic\u00f3 el exlegislador y m\u00e9dico de Alberto Fujimori, Alejandro Aguinaga.<\/span><\/strong><\/p>\n<p><span style=\"color: #000000;\"><strong>Lima, 07 Febrero 2018, (ANDINA).-<\/strong> Los pedidos de vacancia contra el presidente Pedro Pablo Kuczynski, son posiciones extremas y tal como est\u00e1n planteadas no respetar\u00edan el debido proceso, indic\u00f3 el exlegislador y m\u00e9dico de Alberto Fujimori, Alejandro Aguinaga.<\/span><\/p>\n<p><span style=\"color: #000000;\">\u201cLas posiciones de vacancia son extremas para un pa\u00eds donde la principal figura la representa el Presidente de la Rep\u00fablica\u201d, subray\u00f3 Alejandro Aguinaga.<\/span><\/p>\n<p><span style=\"color: #000000;\">Recalc\u00f3 que todas las personas en el pa\u00eds tienen el derecho a la presunci\u00f3n de inocencia y a un debido proceso, por lo que en el Congreso no deber\u00edan irse hacia los extremos en este tema.<\/span><\/p>\n<p><span style=\"color: #000000;\">El exlegislador critic\u00f3 tambi\u00e9n que la bancada de Fuerza Popular est\u00e9 de acuerdo con las bancadas de Nuevo Per\u00fa y el Frente Amplio, que promueven la vacancia del Presidente de la Rep\u00fablica.<\/span><\/p>\n<p><span style=\"color: #000000;\">\u201cLos acuerdos de vacancia nos ha sorprendido a todos, por la posici\u00f3n pol\u00edtica que tiene el fujimorismo dialogando con la extrema izquierda, que su leitmotiv es dispararle al fujimorismo, y es una situaci\u00f3n contranatura que no es nuestra esencia\u201d, manifest\u00f3 Aguinaga.<\/span><\/p>\n<p><span style=\"color: #000000;\">Las bancadas del Frente Amplio y Nuevo Per\u00fa han adelantado que presentar\u00e1n mociones de vacancia contra Kuczynski por los v\u00ednculos de su empresa Westfield con la constructora brasile\u00f1a Odebrecht.<\/span><\/p>\n","protected":false},"excerpt":{"rendered":"<p>Los pedidos de vacancia contra el presidente Pedro Pablo Kuczynski, son posiciones extremas, indic\u00f3 el exlegislador y m\u00e9dico de Alberto Fujimori, Alejandro Aguinaga. Lima, 07 Febrero 2018, (ANDINA).- Los pedidos de vacancia contra el presidente Pedro Pablo Kuczynski, son posiciones extremas y tal como est\u00e1n planteadas no respetar\u00edan el debido proceso, indic\u00f3 el exlegislador y [&hellip;]<\/p>\n","protected":false},"author":1,"featured_media":20256,"comment_status":"open","ping_status":"open","sticky":false,"template":"","format":"standard","meta":{"rop_custom_images_group":[],"rop_custom_messages_group":[],"rop_publish_now":"initial","rop_publish_now_accounts":[],"rop_publish_now_history":[],"rop_publish_now_status":"pending","footnotes":""},"categories":[5],"tags":[1964,74,2577],"class_list":["post-22356","post","type-post","status-publish","format-standard","has-post-thumbnail","hentry","category-actualidad-informativa","tag-alejandro-aguinaga","tag-pedro-pablo-kuczynski","tag-vacancia-ppk"],"_links":{"self":[{"href":"https:\/\/elinformanteperu.com\/index.php\/wp-json\/wp\/v2\/posts\/22356","targetHints":{"allow":["GET"]}}],"collection":[{"href":"https:\/\/elinformanteperu.com\/index.php\/wp-json\/wp\/v2\/posts"}],"about":[{"href":"https:\/\/elinformanteperu.com\/index.php\/wp-json\/wp\/v2\/types\/post"}],"author":[{"embeddable":true,"href":"https:\/\/elinformanteperu.com\/index.php\/wp-json\/wp\/v2\/users\/1"}],"replies":[{"embeddable":true,"href":"https:\/\/elinformanteperu.com\/index.php\/wp-json\/wp\/v2\/comments?post=22356"}],"version-history":[{"count":1,"href":"https:\/\/elinformanteperu.com\/index.php\/wp-json\/wp\/v2\/posts\/22356\/revisions"}],"predecessor-version":[{"id":22357,"href":"https:\/\/elinformanteperu.com\/index.php\/wp-json\/wp\/v2\/posts\/22356\/revisions\/22357"}],"wp:featuredmedia":[{"embeddable":true,"href":"https:\/\/elinformanteperu.com\/index.php\/wp-json\/wp\/v2\/media\/20256"}],"wp:attachment":[{"href":"https:\/\/elinformanteperu.com\/index.php\/wp-json\/wp\/v2\/media?parent=22356"}],"wp:term":[{"taxonomy":"category","embeddable":true,"href":"https:\/\/elinformanteperu.com\/index.php\/wp-json\/wp\/v2\/categories?post=22356"},{"taxonomy":"post_tag","embeddable":true,"href":"https:\/\/elinformanteperu.com\/index.php\/wp-json\/wp\/v2\/tags?post=22356"}],"curies":[{"name":"wp","href":"https:\/\/api.w.org\/{rel}","templated":true}]}}