{"id":22353,"date":"2018-02-08T00:22:14","date_gmt":"2018-02-08T05:22:14","guid":{"rendered":"http:\/\/elinformanteperu.com\/?p=22353"},"modified":"2018-02-08T00:22:14","modified_gmt":"2018-02-08T05:22:14","slug":"piden-que-comision-permanente-apruebe-registro-de-agresores-sexuales","status":"publish","type":"post","link":"https:\/\/elinformanteperu.com\/index.php\/2018\/02\/08\/piden-que-comision-permanente-apruebe-registro-de-agresores-sexuales\/","title":{"rendered":"Piden que Comisi\u00f3n Permanente apruebe registro de agresores sexuales"},"content":{"rendered":"<p><strong><span style=\"color: #000000;\">El segundo vicepresidente del Congreso, Richard Acu\u00f1a, pidi\u00f3 que la Comisi\u00f3n Permanente se re\u00fana para aprobar el proyecto de ley que crea el Registro de Agresores Sexuales.<\/span><\/strong><\/p>\n<p><span style=\"color: #000000;\"><strong>Lima, 07 Febrero 2018, (ANDINA).-<\/strong> El segundo vicepresidente del Congreso, Richard Acu\u00f1a, pidi\u00f3 que la Comisi\u00f3n Permanente se re\u00fana con car\u00e1cter de urgencia para aprobar el proyecto de ley que crea el Registro de Agresores Sexuales.<\/span><\/p>\n<p><span style=\"color: #000000;\">La iniciativa, presentada por la bancada Alianza para el Progreso (APP), plantea un registro que consigna los nombres de las personas sentenciadas por delitos contra la libertad sexual y proxenetismo.<\/span><\/p>\n<p><span style=\"color: #000000;\">\u201cTenemos que adoptar acciones concretas, oportunas y buscar soluciones para proteger a los ni\u00f1os y ni\u00f1as del pa\u00eds y a la sociedad en su conjunto\u201d, dijo el parlamentario tras condenar el crimen de una menor de 11 a\u00f1os en el distrito de San Juan de Lurigancho.<\/span><\/p>\n<p><span style=\"color: #000000;\">El proyecto, refiri\u00f3 Acu\u00f1a, cuenta con dictamen favorable en la Comisi\u00f3n de la Mujer y deber\u00eda ser exonerado de la Comisi\u00f3n de Justicia para incorporarlo de inmediato en la agenda de debate de la Comisi\u00f3n Permanente.<\/span><\/p>\n<p><span style=\"color: #000000;\">Seg\u00fan detall\u00f3, la iniciativa pide crear un registro de sentenciados a fin de evitar que accedan a los centros de formaci\u00f3n de menores.<\/span><\/p>\n<p><span style=\"color: #000000;\">El registro, a\u00f1adi\u00f3, estar\u00e1 a cargo del Ministerio de Justicia y permitir\u00e1 a las entidades p\u00fablicas y privadas, que trabajan directa y frecuentemente con menores de edad, contar con la informaci\u00f3n pertinente y oportuna.<\/span><\/p>\n<p><span style=\"color: #000000;\">El debate sobre la aplicaci\u00f3n de medidas dr\u00e1sticas para violadores de menores de edad se reaviv\u00f3 en el Per\u00fa tras el asesinato de una ni\u00f1a de once a\u00f1os en el distrito de San Juan de Lurigancho, la semana pasada.<\/span><\/p>\n<p><span style=\"color: #000000;\">Un sector de la opini\u00f3n p\u00fablica y de bancadas del Congreso plantea la pena de muerte para este tipo de delincuentes, as\u00ed como el retiro del Per\u00fa de la competencia contenciosa de la Corte de San Jos\u00e9, instrumento internacional que proh\u00edbe esa sanci\u00f3n.<\/span><\/p>\n<p><span style=\"color: #000000;\">No obstante, el presidente del Poder Judicial, Duberl\u00ed Rodr\u00edguez, dijo que jur\u00eddicamente esa alternativa no es viable por los tratados internacionales de los que el Per\u00fa es signatario.<\/span><\/p>\n","protected":false},"excerpt":{"rendered":"<p>El segundo vicepresidente del Congreso, Richard Acu\u00f1a, pidi\u00f3 que la Comisi\u00f3n Permanente se re\u00fana para aprobar el proyecto de ley que crea el Registro de Agresores Sexuales. Lima, 07 Febrero 2018, (ANDINA).- El segundo vicepresidente del Congreso, Richard Acu\u00f1a, pidi\u00f3 que la Comisi\u00f3n Permanente se re\u00fana con car\u00e1cter de urgencia para aprobar el proyecto de [&hellip;]<\/p>\n","protected":false},"author":1,"featured_media":22354,"comment_status":"open","ping_status":"open","sticky":false,"template":"","format":"standard","meta":{"rop_custom_images_group":[],"rop_custom_messages_group":[],"rop_publish_now":"initial","rop_publish_now_accounts":[],"rop_publish_now_history":[],"rop_publish_now_status":"pending","footnotes":""},"categories":[5],"tags":[192,251,1431],"class_list":["post-22353","post","type-post","status-publish","format-standard","has-post-thumbnail","hentry","category-actualidad-informativa","tag-congreso","tag-richard-acuna","tag-violacion"],"_links":{"self":[{"href":"https:\/\/elinformanteperu.com\/index.php\/wp-json\/wp\/v2\/posts\/22353","targetHints":{"allow":["GET"]}}],"collection":[{"href":"https:\/\/elinformanteperu.com\/index.php\/wp-json\/wp\/v2\/posts"}],"about":[{"href":"https:\/\/elinformanteperu.com\/index.php\/wp-json\/wp\/v2\/types\/post"}],"author":[{"embeddable":true,"href":"https:\/\/elinformanteperu.com\/index.php\/wp-json\/wp\/v2\/users\/1"}],"replies":[{"embeddable":true,"href":"https:\/\/elinformanteperu.com\/index.php\/wp-json\/wp\/v2\/comments?post=22353"}],"version-history":[{"count":1,"href":"https:\/\/elinformanteperu.com\/index.php\/wp-json\/wp\/v2\/posts\/22353\/revisions"}],"predecessor-version":[{"id":22355,"href":"https:\/\/elinformanteperu.com\/index.php\/wp-json\/wp\/v2\/posts\/22353\/revisions\/22355"}],"wp:featuredmedia":[{"embeddable":true,"href":"https:\/\/elinformanteperu.com\/index.php\/wp-json\/wp\/v2\/media\/22354"}],"wp:attachment":[{"href":"https:\/\/elinformanteperu.com\/index.php\/wp-json\/wp\/v2\/media?parent=22353"}],"wp:term":[{"taxonomy":"category","embeddable":true,"href":"https:\/\/elinformanteperu.com\/index.php\/wp-json\/wp\/v2\/categories?post=22353"},{"taxonomy":"post_tag","embeddable":true,"href":"https:\/\/elinformanteperu.com\/index.php\/wp-json\/wp\/v2\/tags?post=22353"}],"curies":[{"name":"wp","href":"https:\/\/api.w.org\/{rel}","templated":true}]}}