{"id":22343,"date":"2018-02-07T23:46:03","date_gmt":"2018-02-08T04:46:03","guid":{"rendered":"http:\/\/elinformanteperu.com\/?p=22343"},"modified":"2018-02-07T23:46:03","modified_gmt":"2018-02-08T04:46:03","slug":"transparencia-presenta-criterios-para-el-uso-de-redes-sociales-en-el-debate-politico-y-electoral","status":"publish","type":"post","link":"https:\/\/elinformanteperu.com\/index.php\/2018\/02\/07\/transparencia-presenta-criterios-para-el-uso-de-redes-sociales-en-el-debate-politico-y-electoral\/","title":{"rendered":"Transparencia presenta criterios para el uso de redes sociales en el debate pol\u00edtico y electoral"},"content":{"rendered":"<p><strong><span style=\"color: #000000;\">Transparencia ha puesto a disposici\u00f3n un conjunto de 10 criterios para el mejor uso de las redes sociales y el internet en el marco del debate pol\u00edtico y electoral.<\/span><\/strong><\/p>\n<p><span style=\"color: #000000;\"><strong>Lima, 07 Febrero 2018, (El Informante Per\u00fa).-<\/strong> La Asociaci\u00f3n Civil Transparencia ha puesto a disposici\u00f3n un conjunto de 10 criterios para el mejor uso de las redes sociales y el internet en el marco del debate pol\u00edtico y electoral. Se trata de pautas y criterios que buscan poner en relieve el valor que tienen herramientas como el Twitter, el Facebook, el Instagram o el YouTube para la comunicaci\u00f3n pol\u00edtica, justamente en un contexto marcado por la proximidad de las elecciones regionales y municipales y por el intenso debate pol\u00edtico en torno a graves hechos de corrupci\u00f3n que comprometer\u00edan a l\u00edderes de diversas organizaciones pol\u00edticas, autoridades regionales, municipales y nacionales y directivos de empresas.<\/span><\/p>\n<p><span style=\"color: #000000;\">\u201cEl uso prioritario de las redes sociales debe ser el di\u00e1logo\u201d, se\u00f1ala en primer lugar la propuesta presentada, precisando que este di\u00e1logo debe hacerse en un marco de respeto a pautas \u00e9ticas y de convivencia social. Los 10 Criterios presentados inciden tambi\u00e9n en el necesario rechazo a los denominados trolls, al uso de cuentas falsas para atacar a competidores y a la divulgaci\u00f3n de fake news o noticias falsas.<\/span><\/p>\n<p><span style=\"color: #000000;\">Una primera versi\u00f3n de estos criterios fue presentada en enero del 2015, tambi\u00e9n por iniciativa de Transparencia y el Grupo Tecnolog\u00edas y Democracia integrado por profesionales que desde diversas disciplinas analizan y promueven el adecuado uso de las redes sociales en el \u00e1mbito p\u00fablico. La divulgaci\u00f3n de estos criterios forma parte de un programa m\u00e1s extenso que se implementar\u00e1 a lo largo del a\u00f1o con el prop\u00f3sito de \u201campliar el ancho de banda de la democracia\u201d y extender el uso del internet para la participaci\u00f3n ciudadana, el control social, la actividad pol\u00edtica y el di\u00e1logo plural.<\/span><\/p>\n<p><span style=\"color: #000000;\">Los 10 Criterios para el Uso de Redes Sociales en el Debate Pol\u00edtico y Electoral puede encontrase en las cuentas de Twitter: <strong>@ACTransparencia<\/strong>, Facebook: <strong>TransparenciaPer\u00fa<\/strong> y en el blog: <strong>www.blogdetransparencia.org.pe<\/strong><\/span><\/p>\n<p><img fetchpriority=\"high\" decoding=\"async\" class=\"aligncenter size-full wp-image-22344\" src=\"http:\/\/elinformanteperu.com\/wp-content\/uploads\/2018\/02\/transparencia-uso-de-redes-sociales-debate.png\" alt=\"\" width=\"2411\" height=\"1854\" srcset=\"https:\/\/elinformanteperu.com\/wp-content\/uploads\/2018\/02\/transparencia-uso-de-redes-sociales-debate.png 2411w, https:\/\/elinformanteperu.com\/wp-content\/uploads\/2018\/02\/transparencia-uso-de-redes-sociales-debate-300x231.png 300w, https:\/\/elinformanteperu.com\/wp-content\/uploads\/2018\/02\/transparencia-uso-de-redes-sociales-debate-768x591.png 768w, https:\/\/elinformanteperu.com\/wp-content\/uploads\/2018\/02\/transparencia-uso-de-redes-sociales-debate-1024x787.png 1024w, https:\/\/elinformanteperu.com\/wp-content\/uploads\/2018\/02\/transparencia-uso-de-redes-sociales-debate-128x98.png 128w, https:\/\/elinformanteperu.com\/wp-content\/uploads\/2018\/02\/transparencia-uso-de-redes-sociales-debate-32x25.png 32w\" sizes=\"(max-width: 2411px) 100vw, 2411px\" \/><\/p>\n","protected":false},"excerpt":{"rendered":"<p>Transparencia ha puesto a disposici\u00f3n un conjunto de 10 criterios para el mejor uso de las redes sociales y el internet en el marco del debate pol\u00edtico y electoral. Lima, 07 Febrero 2018, (El Informante Per\u00fa).- La Asociaci\u00f3n Civil Transparencia ha puesto a disposici\u00f3n un conjunto de 10 criterios para el mejor uso de las [&hellip;]<\/p>\n","protected":false},"author":1,"featured_media":19767,"comment_status":"open","ping_status":"open","sticky":false,"template":"","format":"standard","meta":{"rop_custom_images_group":[],"rop_custom_messages_group":[],"rop_publish_now":"initial","rop_publish_now_accounts":[],"rop_publish_now_history":[],"rop_publish_now_status":"pending","footnotes":""},"categories":[10],"tags":[2567,184,849],"class_list":["post-22343","post","type-post","status-publish","format-standard","has-post-thumbnail","hentry","category-actualidad-municipal","tag-asociacion-civil-transparencia","tag-jne","tag-transparencia"],"_links":{"self":[{"href":"https:\/\/elinformanteperu.com\/index.php\/wp-json\/wp\/v2\/posts\/22343","targetHints":{"allow":["GET"]}}],"collection":[{"href":"https:\/\/elinformanteperu.com\/index.php\/wp-json\/wp\/v2\/posts"}],"about":[{"href":"https:\/\/elinformanteperu.com\/index.php\/wp-json\/wp\/v2\/types\/post"}],"author":[{"embeddable":true,"href":"https:\/\/elinformanteperu.com\/index.php\/wp-json\/wp\/v2\/users\/1"}],"replies":[{"embeddable":true,"href":"https:\/\/elinformanteperu.com\/index.php\/wp-json\/wp\/v2\/comments?post=22343"}],"version-history":[{"count":1,"href":"https:\/\/elinformanteperu.com\/index.php\/wp-json\/wp\/v2\/posts\/22343\/revisions"}],"predecessor-version":[{"id":22345,"href":"https:\/\/elinformanteperu.com\/index.php\/wp-json\/wp\/v2\/posts\/22343\/revisions\/22345"}],"wp:featuredmedia":[{"embeddable":true,"href":"https:\/\/elinformanteperu.com\/index.php\/wp-json\/wp\/v2\/media\/19767"}],"wp:attachment":[{"href":"https:\/\/elinformanteperu.com\/index.php\/wp-json\/wp\/v2\/media?parent=22343"}],"wp:term":[{"taxonomy":"category","embeddable":true,"href":"https:\/\/elinformanteperu.com\/index.php\/wp-json\/wp\/v2\/categories?post=22343"},{"taxonomy":"post_tag","embeddable":true,"href":"https:\/\/elinformanteperu.com\/index.php\/wp-json\/wp\/v2\/tags?post=22343"}],"curies":[{"name":"wp","href":"https:\/\/api.w.org\/{rel}","templated":true}]}}