{"id":22232,"date":"2018-02-06T01:24:19","date_gmt":"2018-02-06T06:24:19","guid":{"rendered":"http:\/\/elinformanteperu.com\/?p=22232"},"modified":"2018-02-06T01:24:19","modified_gmt":"2018-02-06T06:24:19","slug":"juridicamente-no-es-viable-aplicar-pena-de-muerte-afirma-titular-del-pj","status":"publish","type":"post","link":"https:\/\/elinformanteperu.com\/index.php\/2018\/02\/06\/juridicamente-no-es-viable-aplicar-pena-de-muerte-afirma-titular-del-pj\/","title":{"rendered":"Jur\u00eddicamente no es viable aplicar pena de muerte, afirma titular del PJ"},"content":{"rendered":"<p><strong><span style=\"color: #000000;\">El presidente del Poder Judicial, Duberl\u00ed Rodr\u00edguez, consider\u00f3 que jur\u00eddicamente no es viable instaurar la pena de muerte en el pa\u00eds.<\/span><\/strong><\/p>\n<p><span style=\"color: #000000;\"><strong>Lima, 05 Febrero 2018, (ANDINA).-<\/strong> El presidente del Poder Judicial, Duberl\u00ed Rodr\u00edguez, consider\u00f3 que jur\u00eddicamente no es viable instaurar la pena de muerte en el pa\u00eds, pues ello requerir\u00eda abandonar la competencia de la Corte Interamericana de Derechos Humanos.<\/span><\/p>\n<p><span style=\"color: #000000;\">\u201cTendr\u00edamos que abandonar la competencia de la Corte Interamericana de Derechos Humanos y creo que eso jur\u00eddicamente no es conveniente\u201d, sostuvo a la prensa.<\/span><\/p>\n<p><span style=\"color: #000000;\">Explic\u00f3 que para restablecer la pena de muerte , alguna bancada en el Congreso tendr\u00eda que proponer modificar la Constituci\u00f3n y el C\u00f3digo Penal.<\/span><\/p>\n<p><span style=\"color: #000000;\">Seg\u00fan dijo, cada vez que ocurre un crimen execrable, como el reciente asesinato de una ni\u00f1a en San Juan de Lurigancho, la primera reacci\u00f3n es aplicar la pena de muerte contra los responsables.<\/span><\/p>\n<p><span style=\"color: #000000;\">No obstante, record\u00f3 que en todo el mundo \u201cla pena de muerte se bate en retirada y no es la respuesta contra el crimen\u201d.<\/span><\/p>\n<p><span style=\"color: #000000;\">Rodr\u00edguez recalc\u00f3, por ello, que volver a poner la pena de muerte sobre la agenda pa\u00eds es un tema estrictamente pol\u00edtico.<\/span><\/p>\n<p><span style=\"color: #000000;\">Mencion\u00f3 adem\u00e1s que una de las soluciones para evitar m\u00e1s cr\u00edmenes y violaciones es trabajar en la parte preventiva y medidas duras como la cadena perpetua.<\/span><\/p>\n<p><span style=\"color: #000000;\">El titular del Poder Judicial tambi\u00e9n exhort\u00f3 a las instituciones encargadas de combatir los delitos, como la Polic\u00eda Nacional del Per\u00fa y el Ministerio P\u00fablico, a cumplir eficientemente su papel, a fin de evitar cr\u00edmenes tan graves como la violaci\u00f3n y la muerte de una menor.<\/span><\/p>\n","protected":false},"excerpt":{"rendered":"<p>El presidente del Poder Judicial, Duberl\u00ed Rodr\u00edguez, consider\u00f3 que jur\u00eddicamente no es viable instaurar la pena de muerte en el pa\u00eds. Lima, 05 Febrero 2018, (ANDINA).- El presidente del Poder Judicial, Duberl\u00ed Rodr\u00edguez, consider\u00f3 que jur\u00eddicamente no es viable instaurar la pena de muerte en el pa\u00eds, pues ello requerir\u00eda abandonar la competencia de la [&hellip;]<\/p>\n","protected":false},"author":1,"featured_media":20500,"comment_status":"open","ping_status":"open","sticky":false,"template":"","format":"standard","meta":{"rop_custom_images_group":[],"rop_custom_messages_group":[],"rop_publish_now":"initial","rop_publish_now_accounts":[],"rop_publish_now_history":[],"rop_publish_now_status":"pending","footnotes":""},"categories":[5],"tags":[2751,704,163],"class_list":["post-22232","post","type-post","status-publish","format-standard","has-post-thumbnail","hentry","category-actualidad-informativa","tag-cesar-alva-mendoza","tag-duberli-rodriguez","tag-poder-judicial"],"_links":{"self":[{"href":"https:\/\/elinformanteperu.com\/index.php\/wp-json\/wp\/v2\/posts\/22232","targetHints":{"allow":["GET"]}}],"collection":[{"href":"https:\/\/elinformanteperu.com\/index.php\/wp-json\/wp\/v2\/posts"}],"about":[{"href":"https:\/\/elinformanteperu.com\/index.php\/wp-json\/wp\/v2\/types\/post"}],"author":[{"embeddable":true,"href":"https:\/\/elinformanteperu.com\/index.php\/wp-json\/wp\/v2\/users\/1"}],"replies":[{"embeddable":true,"href":"https:\/\/elinformanteperu.com\/index.php\/wp-json\/wp\/v2\/comments?post=22232"}],"version-history":[{"count":1,"href":"https:\/\/elinformanteperu.com\/index.php\/wp-json\/wp\/v2\/posts\/22232\/revisions"}],"predecessor-version":[{"id":22233,"href":"https:\/\/elinformanteperu.com\/index.php\/wp-json\/wp\/v2\/posts\/22232\/revisions\/22233"}],"wp:featuredmedia":[{"embeddable":true,"href":"https:\/\/elinformanteperu.com\/index.php\/wp-json\/wp\/v2\/media\/20500"}],"wp:attachment":[{"href":"https:\/\/elinformanteperu.com\/index.php\/wp-json\/wp\/v2\/media?parent=22232"}],"wp:term":[{"taxonomy":"category","embeddable":true,"href":"https:\/\/elinformanteperu.com\/index.php\/wp-json\/wp\/v2\/categories?post=22232"},{"taxonomy":"post_tag","embeddable":true,"href":"https:\/\/elinformanteperu.com\/index.php\/wp-json\/wp\/v2\/tags?post=22232"}],"curies":[{"name":"wp","href":"https:\/\/api.w.org\/{rel}","templated":true}]}}