{"id":22227,"date":"2018-02-06T01:17:16","date_gmt":"2018-02-06T06:17:16","guid":{"rendered":"http:\/\/elinformanteperu.com\/?p=22227"},"modified":"2018-02-06T01:17:16","modified_gmt":"2018-02-06T06:17:16","slug":"por-que-una-persona-puede-convertirse-en-violador-sexual","status":"publish","type":"post","link":"https:\/\/elinformanteperu.com\/index.php\/2018\/02\/06\/por-que-una-persona-puede-convertirse-en-violador-sexual\/","title":{"rendered":"\u00bfPor qu\u00e9 una persona puede convertirse en violador sexual?"},"content":{"rendered":"<p><strong><span style=\"color: #000000;\">El abandono de los padres, los conflictos familiares, la violencia f\u00edsica o el abuso sexual son circunstancias que generan mucha inseguridad en el v\u00ednculo afectivo de ni\u00f1os.<\/span><\/strong><\/p>\n<p><span style=\"color: #000000;\"><strong>Lima, 05 Febrero 2018, (ANDINA).-<\/strong> El abandono de los padres, los conflictos familiares, la violencia f\u00edsica o el abuso sexual son circunstancias que generan mucha inseguridad en el v\u00ednculo afectivo de ni\u00f1os y ni\u00f1as y los puede convertir a futuro en potenciales violadores sexuales.<\/span><\/p>\n<p><span style=\"color: #000000;\">As\u00ed lo explic\u00f3 el m\u00e9dico psiquiatra Humberto Castillo, del Instituto Nacional de Salud Mental, al indicar que muchos de estos casos (de violadores sexuales) se forman en la infancia temprana, por abandono del padre o de la madre, por conflictividad familiar o por situaciones en las que los menores han sido tratados como objetos sexuales.<\/span><\/p>\n<p><span style=\"color: #000000;\">\u00abHay situaciones en las cuales los ni\u00f1os son expuestos a dobles discursos, como cuando son seducidos o convertidos en objetos sexuales por familiares o alguien del entorno, que en vez de protegerlos les dan un doble mensaje: el de supuesta protecci\u00f3n y de utilizaci\u00f3n y abuso\u00bb, dijo.<\/span><\/p>\n<p><span style=\"color: #000000;\">Indic\u00f3 que el violador sexual busca repetitivamente reexperimentar escenas en las que confluyen sus miedos, angustias y sentimientos agresivos, y que ponen en juego toda una conflictividad emocional formada desde la infancia.<\/span><\/p>\n<p><span style=\"color: #000000;\">El especialista dijo que se trata de procesos muy complejos que merecen ser atendidos por un experto en salud mental, para evitar que el ni\u00f1o o adolescente busque repetir la agresi\u00f3n en el futuro, pero esta vez como victimario.<\/span><\/p>\n<p><span style=\"color: #000000;\">Estos menores, a\u00f1adi\u00f3, son a\u00fan m\u00e1s vulnerables cuando los someten a la visualizaci\u00f3n de im\u00e1genes pornogr\u00e1ficas o videojuegos que muestran \u00fanicamente escenas violentas.<\/span><\/p>\n<p><span style=\"color: #000000;\">Por ello, recomend\u00f3 a los padres de familia reconocer las emociones de sus hijos \u2013como angustia, c\u00f3lera, miedo\u2013 y acogerlos, en vez de criticarlos por ello.<\/span><\/p>\n<p><span style=\"color: #000000;\">\u00abTenemos que ayudarlos a identificar, a procesar, a calmar, y no dejar que estas cosas se acumulen, se escondan, porque m\u00e1s tarde se manifestar\u00e1n como escenas tr\u00e1gicas\u00bb.<\/span><\/p>\n<p><span style=\"color: #000000;\">El los \u00faltimos d\u00edas la ciudadan\u00eda ha sido conmovida con una serie de casos de violaci\u00f3n sexual de ni\u00f1as por parte de sus padres, padrastros o parejas de sus madres, en uno de los cuales, ocurrido en Puno, gener\u00f3 que la menor v\u00edctima resulte embarazada y tenga un beb\u00e9.<\/span><\/p>\n<p><span style=\"color: #000000;\">Pero otro caso sorprendi\u00f3 a\u00fan m\u00e1s al conocerse que una menor de 11 a\u00f1os fue asesinada y quemada en el distrito de San Juan de Lurigancho, por un sujeto que, seg\u00fan su confesi\u00f3n policial, la viol\u00f3 previamente.<\/span><\/p>\n","protected":false},"excerpt":{"rendered":"<p>El abandono de los padres, los conflictos familiares, la violencia f\u00edsica o el abuso sexual son circunstancias que generan mucha inseguridad en el v\u00ednculo afectivo de ni\u00f1os. Lima, 05 Febrero 2018, (ANDINA).- El abandono de los padres, los conflictos familiares, la violencia f\u00edsica o el abuso sexual son circunstancias que generan mucha inseguridad en el [&hellip;]<\/p>\n","protected":false},"author":1,"featured_media":8298,"comment_status":"open","ping_status":"open","sticky":false,"template":"","format":"standard","meta":{"rop_custom_images_group":[],"rop_custom_messages_group":[],"rop_publish_now":"initial","rop_publish_now_accounts":[],"rop_publish_now_history":[],"rop_publish_now_status":"pending","footnotes":""},"categories":[10],"tags":[1431],"class_list":["post-22227","post","type-post","status-publish","format-standard","has-post-thumbnail","hentry","category-actualidad-municipal","tag-violacion"],"_links":{"self":[{"href":"https:\/\/elinformanteperu.com\/index.php\/wp-json\/wp\/v2\/posts\/22227","targetHints":{"allow":["GET"]}}],"collection":[{"href":"https:\/\/elinformanteperu.com\/index.php\/wp-json\/wp\/v2\/posts"}],"about":[{"href":"https:\/\/elinformanteperu.com\/index.php\/wp-json\/wp\/v2\/types\/post"}],"author":[{"embeddable":true,"href":"https:\/\/elinformanteperu.com\/index.php\/wp-json\/wp\/v2\/users\/1"}],"replies":[{"embeddable":true,"href":"https:\/\/elinformanteperu.com\/index.php\/wp-json\/wp\/v2\/comments?post=22227"}],"version-history":[{"count":1,"href":"https:\/\/elinformanteperu.com\/index.php\/wp-json\/wp\/v2\/posts\/22227\/revisions"}],"predecessor-version":[{"id":22228,"href":"https:\/\/elinformanteperu.com\/index.php\/wp-json\/wp\/v2\/posts\/22227\/revisions\/22228"}],"wp:featuredmedia":[{"embeddable":true,"href":"https:\/\/elinformanteperu.com\/index.php\/wp-json\/wp\/v2\/media\/8298"}],"wp:attachment":[{"href":"https:\/\/elinformanteperu.com\/index.php\/wp-json\/wp\/v2\/media?parent=22227"}],"wp:term":[{"taxonomy":"category","embeddable":true,"href":"https:\/\/elinformanteperu.com\/index.php\/wp-json\/wp\/v2\/categories?post=22227"},{"taxonomy":"post_tag","embeddable":true,"href":"https:\/\/elinformanteperu.com\/index.php\/wp-json\/wp\/v2\/tags?post=22227"}],"curies":[{"name":"wp","href":"https:\/\/api.w.org\/{rel}","templated":true}]}}