{"id":21999,"date":"2018-02-01T00:53:21","date_gmt":"2018-02-01T05:53:21","guid":{"rendered":"http:\/\/elinformanteperu.com\/?p=21999"},"modified":"2018-02-01T00:53:21","modified_gmt":"2018-02-01T05:53:21","slug":"la-respuesta-de-la-peruana-elizabeth-guzman-al-discurso-de-donald-trump","status":"publish","type":"post","link":"https:\/\/elinformanteperu.com\/index.php\/2018\/02\/01\/la-respuesta-de-la-peruana-elizabeth-guzman-al-discurso-de-donald-trump\/","title":{"rendered":"La respuesta de la peruana Elizabeth Guzm\u00e1n al discurso de Donald Trump"},"content":{"rendered":"<p><strong><span style=\"color: #000000;\">La peruana Elizabeth Guzm\u00e1n, fue la encargada de responder en espa\u00f1ol al primer discurso sobre el estado de la Uni\u00f3n que ofreci\u00f3 el presidente, Donald Trump.<\/span><\/strong><\/p>\n<p><span style=\"color: #000000;\"><strong>Lima, 31 Enero 2018, (ANDINA).-<\/strong> La peruana Elizabeth Guzm\u00e1n, la primera migrante latina elegida para la C\u00e1mara Legislativa de Virginia, fue la encargada de responder en espa\u00f1ol al primer discurso sobre el estado de la Uni\u00f3n que ofreci\u00f3 el presidente de Estados Unidos, Donald Trump.<\/span><\/p>\n<p><span style=\"color: #000000;\">Estas son algunas de las frases que dej\u00f3 su pronunciamiento como representante del Partido Dem\u00f3crata.<\/span><\/p>\n<p><span style=\"color: #000000;\">&#8211; \u00abOriginaria de Per\u00fa, llegu\u00e9 a Estados Unidos como madre soltera con el fin de brindarle a mi hija un futuro mejor, trabaj\u00e9 en m\u00faltiples empleos para pagar la renta y alimentar a mi familia\u00bb.<\/span><\/p>\n<p><span style=\"color: #000000;\">&#8211; \u00abSiempre cre\u00ed en el poder de la educaci\u00f3n y la promesa estadounidense (&#8230;). Este pa\u00eds me ha demostrado que cualquier persona dispuesta a sacrificarse y luchar puede triunfar\u00bb.<\/span><\/p>\n<p><span style=\"color: #000000;\">&#8211; \u00abEsta naci\u00f3n brilla como un faro para el mundo y nos inspira para alcanzar nuestro propio sue\u00f1o americano; lamentablemente, el presidente de Estados Unidos no comparte esta visi\u00f3n\u00bb.<\/span><\/p>\n<p><span style=\"color: #000000;\">&#8211; \u00abEn su primer a\u00f1o de mandato ha impulsado una agenda sombr\u00eda y extremista que estropea nuestros valores nacionales y arriesga la seguridad nacional. Su administraci\u00f3n amenaza con arrastrar a la naci\u00f3n a un pasado vergonzoso, en el cual el pueblo fue juzgado no por la calidad de su car\u00e1cter sino por el color de su piel y creencias religiosas\u00bb.<\/span><\/p>\n<p><span style=\"color: #000000;\">&#8211; \u00abLas familias inmigrantes que le han dado nueva vida al sue\u00f1o americano a trav\u00e9s de un trabajo arduo est\u00e1n enfrentando incertidumbre, ansiedad y terror bajo el presidente Trump\u00bb.<\/span><\/p>\n<p><span style=\"color: #000000;\">&#8211; \u00abTiene la responsabilidad de fomentar unidad, protegernos y contrarrestar las divisiones que debilitan el pa\u00eds, pero ha descartado los valores estadounidenses m\u00e1s fundamentales, ha reemplazado la igualdad por intolerancia, el respeto mutuo por el racismo\u00bb.<\/span><\/p>\n<p><span style=\"color: #000000;\">&#8211; \u00abHa atacado a nuestras familias, elimin\u00f3 el programa DACA y amenaza con deportar a j\u00f3venes so\u00f1adores, patriotas y valientes que llaman a Estados Unidos su hogar\u00bb.<\/span><\/p>\n<p><span style=\"color: #000000;\">&#8211; \u00abEn lugar de apoyar a las familias intent\u00f3 arrebatar la cobertura del seguro m\u00e9dico a decenas de millones de familias, quiso destruir protecciones para personas con condiciones de salud preexistentes y quiso castigar a las personas en edad avanzada con un impuesto cruel\u00bb.<\/span><\/p>\n<p><span style=\"color: #000000;\">&#8211; \u00abMerecemos un l\u00edder que defienda los intereses de la clase media y no alguien que solo se preocupe por ayudar a los privilegiados\u00bb.<\/span><\/p>\n","protected":false},"excerpt":{"rendered":"<p>La peruana Elizabeth Guzm\u00e1n, fue la encargada de responder en espa\u00f1ol al primer discurso sobre el estado de la Uni\u00f3n que ofreci\u00f3 el presidente, Donald Trump. Lima, 31 Enero 2018, (ANDINA).- La peruana Elizabeth Guzm\u00e1n, la primera migrante latina elegida para la C\u00e1mara Legislativa de Virginia, fue la encargada de responder en espa\u00f1ol al primer [&hellip;]<\/p>\n","protected":false},"author":1,"featured_media":22000,"comment_status":"open","ping_status":"open","sticky":false,"template":"","format":"standard","meta":{"rop_custom_images_group":[],"rop_custom_messages_group":[],"rop_publish_now":"initial","rop_publish_now_accounts":[],"rop_publish_now_history":[],"rop_publish_now_status":"pending","footnotes":""},"categories":[5],"tags":[183,2740],"class_list":["post-21999","post","type-post","status-publish","format-standard","has-post-thumbnail","hentry","category-actualidad-informativa","tag-donald-trump","tag-elizabeth-guzman"],"_links":{"self":[{"href":"https:\/\/elinformanteperu.com\/index.php\/wp-json\/wp\/v2\/posts\/21999","targetHints":{"allow":["GET"]}}],"collection":[{"href":"https:\/\/elinformanteperu.com\/index.php\/wp-json\/wp\/v2\/posts"}],"about":[{"href":"https:\/\/elinformanteperu.com\/index.php\/wp-json\/wp\/v2\/types\/post"}],"author":[{"embeddable":true,"href":"https:\/\/elinformanteperu.com\/index.php\/wp-json\/wp\/v2\/users\/1"}],"replies":[{"embeddable":true,"href":"https:\/\/elinformanteperu.com\/index.php\/wp-json\/wp\/v2\/comments?post=21999"}],"version-history":[{"count":1,"href":"https:\/\/elinformanteperu.com\/index.php\/wp-json\/wp\/v2\/posts\/21999\/revisions"}],"predecessor-version":[{"id":22001,"href":"https:\/\/elinformanteperu.com\/index.php\/wp-json\/wp\/v2\/posts\/21999\/revisions\/22001"}],"wp:featuredmedia":[{"embeddable":true,"href":"https:\/\/elinformanteperu.com\/index.php\/wp-json\/wp\/v2\/media\/22000"}],"wp:attachment":[{"href":"https:\/\/elinformanteperu.com\/index.php\/wp-json\/wp\/v2\/media?parent=21999"}],"wp:term":[{"taxonomy":"category","embeddable":true,"href":"https:\/\/elinformanteperu.com\/index.php\/wp-json\/wp\/v2\/categories?post=21999"},{"taxonomy":"post_tag","embeddable":true,"href":"https:\/\/elinformanteperu.com\/index.php\/wp-json\/wp\/v2\/tags?post=21999"}],"curies":[{"name":"wp","href":"https:\/\/api.w.org\/{rel}","templated":true}]}}