{"id":21924,"date":"2018-01-29T01:06:48","date_gmt":"2018-01-29T06:06:48","guid":{"rendered":"http:\/\/elinformanteperu.com\/?p=21924"},"modified":"2018-01-29T01:06:48","modified_gmt":"2018-01-29T06:06:48","slug":"minsa-lamenta-muerte-de-trabajadores-de-salud-en-accidente-ocurrido-en-cajamarca","status":"publish","type":"post","link":"https:\/\/elinformanteperu.com\/index.php\/2018\/01\/29\/minsa-lamenta-muerte-de-trabajadores-de-salud-en-accidente-ocurrido-en-cajamarca\/","title":{"rendered":"Minsa lamenta muerte de trabajadores de Salud en accidente ocurrido en Cajamarca"},"content":{"rendered":"<p><strong><span style=\"color: #000000;\">El ministro de Salud, Abel Salinas Rivas, lamenta profundamente la muerte de dos trabajadores del sector, en un accidente de tr\u00e1nsito ocurrido esta madrugada.<\/span><\/strong><\/p>\n<p><span style=\"color: #000000;\"><strong>Lima, 28 Enero 2018, (ANDINA).-<\/strong> El ministro de Salud, Abel Salinas Rivas, lamenta profundamente la muerte de dos trabajadores del sector, en un accidente de tr\u00e1nsito ocurrido esta madrugada, a la altura de la comunidad conocida como Tahona, distrito de Hualgayoc, departamento de Cajamarca.<\/span><\/p>\n<p><span style=\"color: #000000;\">El accidente se produjo cuando la ambulancia en la que viajaban se despistara y cayera a un abismo de 400 metros de profundidad. <\/span><\/p>\n<p><span style=\"color: #000000;\">\u201cA sus familiares, amigos, compa\u00f1eros de trabajo nuestras sinceras condolencias por esta irreparable p\u00e9rdida. Se trata de dos valiosos trabajadores de la salud que nos dejan un gran vac\u00edo, siendo nuestro mejor homenaje el continuar trabajando por todos los peruanos\u201d, manifest\u00f3 el ministro. <\/span><\/p>\n<p><span style=\"color: #000000;\">El hecho ocurri\u00f3 cuando el interno de medicina, Fernando Graos Vidal de 22 a\u00f1os y Germ\u00e1n Rubio Campos de 60, conductor del veh\u00edculo, retornaban a Chota luego de haber cumplido con el traslado de un ni\u00f1o que requer\u00eda atenci\u00f3n de mayor capacidad resolutiva en el Hospital Regional de Cajamarca.<\/span><\/p>\n<p><span style=\"color: #000000;\">Una vez reportado el accidente vehicular, la Direcci\u00f3n de Salud (Disa) Chota, en coordinaci\u00f3n con la Polic\u00eda Nacional del Per\u00fa y mineros de la zona procedieron a desarrollar las labores de rescate de los cuerpos.<\/span><\/p>\n<p><span style=\"color: #000000;\">Para ello, se movilizaron brigadas proveniente de las localidades de Hualgayoc, Bambamarca y Chota. Asimismo, se cont\u00f3 con el apoyo de ambulancias del Hospital \u00a8Jos\u00e9 Soto Cadenillas de Chota\u00a8 y del Hospital \u00a8Bambamarca\u00a8.<\/span><\/p>\n<p><span style=\"color: #000000;\">La unidad siniestrada de placa EUA \u2013 373, cuenta con Seguro Obligatorio de Accidentes de Tr\u00e1nsito y con cobertura por sepelio.<\/span><\/p>\n<p><span style=\"color: #000000;\">Las autoridades de salud brindan soporte emocional a los familiares de las v\u00edctimas. La Fiscal\u00eda de Bambamarca ha procedido al levantamiento de los cad\u00e1veres y su traslado a la morgue.<\/span><\/p>\n<p><span style=\"color: #000000;\">Las causas del accidente a\u00fan se encuentran en etapa de investigaci\u00f3n a cargo de la Polic\u00eda Nacional del Per\u00fa.<\/span><\/p>\n","protected":false},"excerpt":{"rendered":"<p>El ministro de Salud, Abel Salinas Rivas, lamenta profundamente la muerte de dos trabajadores del sector, en un accidente de tr\u00e1nsito ocurrido esta madrugada. Lima, 28 Enero 2018, (ANDINA).- El ministro de Salud, Abel Salinas Rivas, lamenta profundamente la muerte de dos trabajadores del sector, en un accidente de tr\u00e1nsito ocurrido esta madrugada, a la [&hellip;]<\/p>\n","protected":false},"author":1,"featured_media":21925,"comment_status":"open","ping_status":"open","sticky":false,"template":"","format":"standard","meta":{"rop_custom_images_group":[],"rop_custom_messages_group":[],"rop_publish_now":"initial","rop_publish_now_accounts":[],"rop_publish_now_history":[],"rop_publish_now_status":"pending","footnotes":""},"categories":[10],"tags":[2733,388,431],"class_list":["post-21924","post","type-post","status-publish","format-standard","has-post-thumbnail","hentry","category-actualidad-municipal","tag-abel-salinas-rivas","tag-ministerio-de-salud","tag-minsa"],"_links":{"self":[{"href":"https:\/\/elinformanteperu.com\/index.php\/wp-json\/wp\/v2\/posts\/21924","targetHints":{"allow":["GET"]}}],"collection":[{"href":"https:\/\/elinformanteperu.com\/index.php\/wp-json\/wp\/v2\/posts"}],"about":[{"href":"https:\/\/elinformanteperu.com\/index.php\/wp-json\/wp\/v2\/types\/post"}],"author":[{"embeddable":true,"href":"https:\/\/elinformanteperu.com\/index.php\/wp-json\/wp\/v2\/users\/1"}],"replies":[{"embeddable":true,"href":"https:\/\/elinformanteperu.com\/index.php\/wp-json\/wp\/v2\/comments?post=21924"}],"version-history":[{"count":1,"href":"https:\/\/elinformanteperu.com\/index.php\/wp-json\/wp\/v2\/posts\/21924\/revisions"}],"predecessor-version":[{"id":21926,"href":"https:\/\/elinformanteperu.com\/index.php\/wp-json\/wp\/v2\/posts\/21924\/revisions\/21926"}],"wp:featuredmedia":[{"embeddable":true,"href":"https:\/\/elinformanteperu.com\/index.php\/wp-json\/wp\/v2\/media\/21925"}],"wp:attachment":[{"href":"https:\/\/elinformanteperu.com\/index.php\/wp-json\/wp\/v2\/media?parent=21924"}],"wp:term":[{"taxonomy":"category","embeddable":true,"href":"https:\/\/elinformanteperu.com\/index.php\/wp-json\/wp\/v2\/categories?post=21924"},{"taxonomy":"post_tag","embeddable":true,"href":"https:\/\/elinformanteperu.com\/index.php\/wp-json\/wp\/v2\/tags?post=21924"}],"curies":[{"name":"wp","href":"https:\/\/api.w.org\/{rel}","templated":true}]}}