{"id":21905,"date":"2018-01-28T12:30:15","date_gmt":"2018-01-28T17:30:15","guid":{"rendered":"http:\/\/elinformanteperu.com\/?p=21905"},"modified":"2018-01-28T12:30:15","modified_gmt":"2018-01-28T17:30:15","slug":"corte-idh-lo-que-se-sabe-de-la-audiencia-del-2-de-febrero","status":"publish","type":"post","link":"https:\/\/elinformanteperu.com\/index.php\/2018\/01\/28\/corte-idh-lo-que-se-sabe-de-la-audiencia-del-2-de-febrero\/","title":{"rendered":"Corte IDH: lo que se sabe de la audiencia del 2 de febrero"},"content":{"rendered":"<p><strong><span style=\"color: #000000;\">La Corte Interamericana de Derechos Humanos realizar\u00e1 este 2 de febrero una audiencia de cumplimiento de las sentencias sobre las matanzas de Barrios Altos y La Cantuta.<\/span><\/strong><\/p>\n<p><span style=\"color: #000000;\"><strong>Lima, 28 Enero 2018, (ANDINA).-<\/strong> La Corte Interamericana de Derechos Humanos (Corte IDH) realizar\u00e1 este 2 de febrero una audiencia de cumplimiento de las sentencias sobre las matanzas de Barrios Altos y La Cantuta, tras el indulto otorgado a Alberto Fujimori.<\/span><\/p>\n<p>Esto es lo que se sabe de dicha audiencia:<\/p>\n<p><span style=\"color: #000000;\"><strong>&#8211;<\/strong> La audiencia p\u00fablica se realizar\u00e1 en la sede de la instancia internacional en la ciudad de San Jos\u00e9 de Costa Rica.<\/span><\/p>\n<p><span style=\"color: #000000;\"><strong>&#8211;<\/strong> Fue solicitada por los familiares de las v\u00edctimas de ambos casos ocurridos en 1991 (Barrios Altos) y 1992 (La Cantuta).<\/span><\/p>\n<p><span style=\"color: #000000;\"><strong>&#8211;<\/strong> Se contar\u00e1 con las presencia de representantes de ambas partes: del Estado y de los peticionarios.<\/span><\/p>\n<p><span style=\"color: #000000;\">&#8211; Gloria Cano, abogada de la Asociaci\u00f3n Pro Derechos Humanos (Aprodeh), sostuvo que ser\u00e1 una oportunidad para exponer la postura de los peticionarios respecto a que el indulto vulnera el derecho a la justicia y la verdad de las v\u00edctimas de ambas masacres.<\/span><\/p>\n<p><span style=\"color: #000000;\"><strong>&#8211;<\/strong> El 16 de enero, el Ministerio de Justicia y Derechos Humanos inform\u00f3 que los juristas Adri\u00e1n Simons Pino y Jorge Villegas Ratti representar\u00e1n al Estado peruano ante la Corte IDH en la audiencia.<\/span><\/p>\n<p><span style=\"color: #000000;\"><strong>&#8211;<\/strong> La designaci\u00f3n fue una decisi\u00f3n del Consejo de Defensa Jur\u00eddica del Estado (CDJE).<\/span><\/p>\n<p><span style=\"color: #000000;\"><strong>&#8211;<\/strong> El Ministerio de Justicia remarc\u00f3 que se encuentra trabajando en la estrategia legal del Estado peruano de cara a la audiencia.<\/span><\/p>\n<p><span style=\"color: #000000;\"><strong>&#8211;<\/strong> La defensa de Alberto Fujimori no ha sido admitida para participar en la audiencia, pero enviar\u00e1 por escrito su posici\u00f3n frente al indulto humanitario que recibi\u00f3 del presidente Pedro Pablo Kuczynski el 24 de diciembre pasado.<\/span><\/p>\n","protected":false},"excerpt":{"rendered":"<p>La Corte Interamericana de Derechos Humanos realizar\u00e1 este 2 de febrero una audiencia de cumplimiento de las sentencias sobre las matanzas de Barrios Altos y La Cantuta. Lima, 28 Enero 2018, (ANDINA).- La Corte Interamericana de Derechos Humanos (Corte IDH) realizar\u00e1 este 2 de febrero una audiencia de cumplimiento de las sentencias sobre las matanzas [&hellip;]<\/p>\n","protected":false},"author":1,"featured_media":20351,"comment_status":"open","ping_status":"open","sticky":false,"template":"","format":"standard","meta":{"rop_custom_images_group":[],"rop_custom_messages_group":[],"rop_publish_now":"initial","rop_publish_now_accounts":[],"rop_publish_now_history":[],"rop_publish_now_status":"pending","footnotes":""},"categories":[5],"tags":[2578,2581,2592,166],"class_list":["post-21905","post","type-post","status-publish","format-standard","has-post-thumbnail","hentry","category-actualidad-informativa","tag-corte-interamericana-de-derechos-humanos","tag-idh","tag-indulto-a-fujimori","tag-ministerio-de-justicia"],"_links":{"self":[{"href":"https:\/\/elinformanteperu.com\/index.php\/wp-json\/wp\/v2\/posts\/21905","targetHints":{"allow":["GET"]}}],"collection":[{"href":"https:\/\/elinformanteperu.com\/index.php\/wp-json\/wp\/v2\/posts"}],"about":[{"href":"https:\/\/elinformanteperu.com\/index.php\/wp-json\/wp\/v2\/types\/post"}],"author":[{"embeddable":true,"href":"https:\/\/elinformanteperu.com\/index.php\/wp-json\/wp\/v2\/users\/1"}],"replies":[{"embeddable":true,"href":"https:\/\/elinformanteperu.com\/index.php\/wp-json\/wp\/v2\/comments?post=21905"}],"version-history":[{"count":1,"href":"https:\/\/elinformanteperu.com\/index.php\/wp-json\/wp\/v2\/posts\/21905\/revisions"}],"predecessor-version":[{"id":21906,"href":"https:\/\/elinformanteperu.com\/index.php\/wp-json\/wp\/v2\/posts\/21905\/revisions\/21906"}],"wp:featuredmedia":[{"embeddable":true,"href":"https:\/\/elinformanteperu.com\/index.php\/wp-json\/wp\/v2\/media\/20351"}],"wp:attachment":[{"href":"https:\/\/elinformanteperu.com\/index.php\/wp-json\/wp\/v2\/media?parent=21905"}],"wp:term":[{"taxonomy":"category","embeddable":true,"href":"https:\/\/elinformanteperu.com\/index.php\/wp-json\/wp\/v2\/categories?post=21905"},{"taxonomy":"post_tag","embeddable":true,"href":"https:\/\/elinformanteperu.com\/index.php\/wp-json\/wp\/v2\/tags?post=21905"}],"curies":[{"name":"wp","href":"https:\/\/api.w.org\/{rel}","templated":true}]}}