{"id":21902,"date":"2018-01-28T12:26:58","date_gmt":"2018-01-28T17:26:58","guid":{"rendered":"http:\/\/elinformanteperu.com\/?p=21902"},"modified":"2018-01-28T12:26:58","modified_gmt":"2018-01-28T17:26:58","slug":"presentaran-denuncia-constitucional-contra-defensor-del-pueblo","status":"publish","type":"post","link":"https:\/\/elinformanteperu.com\/index.php\/2018\/01\/28\/presentaran-denuncia-constitucional-contra-defensor-del-pueblo\/","title":{"rendered":"Presentar\u00e1n denuncia constitucional contra defensor del Pueblo"},"content":{"rendered":"<p><strong><span style=\"color: #000000;\">La congresista de Fuerza Popular, Maritza Garc\u00eda, inform\u00f3 que presentar\u00e1 una denuncia constitucional contra el defensor del Pueblo, Walter Guti\u00e9rrez.<\/span><\/strong><\/p>\n<p><span style=\"color: #000000;\"><strong>Lima, 28 Enero 2018, (ANDINA).-<\/strong> La congresista de Fuerza Popular, Maritza Garc\u00eda, inform\u00f3 que presentar\u00e1 una denuncia constitucional contra el defensor del Pueblo, Walter Guti\u00e9rrez, tras su pronunciamiento sobre el indulto a Alberto Fujimori.<\/span><\/p>\n<p><span style=\"color: #000000;\">Seg\u00fan argument\u00f3, el defensor \u00abha incurrido en infracci\u00f3n constitucional y se ha extralimitado en sus funciones\u00bb al presentar un pronunciamiento institucional respecto al mencionado indulto.<\/span><\/p>\n<p><span style=\"color: #000000;\">\u00abSin que nadie se lo haya pedido, se ha permitido cuestionar una resoluci\u00f3n presidencial amparada en una prerrogativa constitucional\u00bb, explic\u00f3.<\/span><\/p>\n<p><span style=\"color: #000000;\">Para Garc\u00eda, resulta \u00abtotalmente extra\u00f1o\u00bb que Guti\u00e9rrez se haya pronunciado solo por el caso del exmandatario y no por los casos de todos los dem\u00e1s indultados.<\/span><\/p>\n<p><span style=\"color: #000000;\">\u00abAdem\u00e1s ha dicho que dice no puede dar opini\u00f3n ni hacer pol\u00edtica, con lo cual est\u00e1 limitando un derecho fundamental. Un defensor no puede limitar los derechos fundamentales, est\u00e1 para protegerlos, todo esto son situaciones irregulares\u00bb, sostuvo la parlamentaria.<\/span><\/p>\n<p><span style=\"color: #000000;\">\u00abEl documento de la acusaci\u00f3n constitucional est\u00e1 listo y lo formalizar\u00e9 el lunes a primera hora\u00bb, precis\u00f3 la legisladora fujimorista a la Agencia Andina.<\/span><\/p>\n<p><span style=\"color: #000000;\">El \u00faltimo mi\u00e9rcoles, el defensor del Pueblo explic\u00f3 que la Resoluci\u00f3n Suprema N\u00ba 281.2017-JUS, que otorg\u00f3 el indulto a Fujimori, \u201cno cumple con los est\u00e1ndares legales y jur\u00eddicos, espec\u00edficamente en cuanto a la motivaci\u00f3n de la decisi\u00f3n de otorgar las gracias presidenciales.<\/span><\/p>\n<p><span style=\"color: #000000;\">Durante una conferencia de prensa, dijo que insistir\u00e1n en la solicitud del expediente ante el Ministerio de Justicia y Derechos Humanos.<\/span><\/p>\n","protected":false},"excerpt":{"rendered":"<p>La congresista de Fuerza Popular, Maritza Garc\u00eda, inform\u00f3 que presentar\u00e1 una denuncia constitucional contra el defensor del Pueblo, Walter Guti\u00e9rrez. Lima, 28 Enero 2018, (ANDINA).- La congresista de Fuerza Popular, Maritza Garc\u00eda, inform\u00f3 que presentar\u00e1 una denuncia constitucional contra el defensor del Pueblo, Walter Guti\u00e9rrez, tras su pronunciamiento sobre el indulto a Alberto Fujimori. Seg\u00fan [&hellip;]<\/p>\n","protected":false},"author":1,"featured_media":21903,"comment_status":"open","ping_status":"open","sticky":false,"template":"","format":"standard","meta":{"rop_custom_images_group":[],"rop_custom_messages_group":[],"rop_publish_now":"initial","rop_publish_now_accounts":[],"rop_publish_now_history":[],"rop_publish_now_status":"pending","footnotes":""},"categories":[5],"tags":[428,2260,520],"class_list":["post-21902","post","type-post","status-publish","format-standard","has-post-thumbnail","hentry","category-actualidad-informativa","tag-defensoria-del-pueblo","tag-maritza-garcia","tag-walter-gutierrez"],"_links":{"self":[{"href":"https:\/\/elinformanteperu.com\/index.php\/wp-json\/wp\/v2\/posts\/21902","targetHints":{"allow":["GET"]}}],"collection":[{"href":"https:\/\/elinformanteperu.com\/index.php\/wp-json\/wp\/v2\/posts"}],"about":[{"href":"https:\/\/elinformanteperu.com\/index.php\/wp-json\/wp\/v2\/types\/post"}],"author":[{"embeddable":true,"href":"https:\/\/elinformanteperu.com\/index.php\/wp-json\/wp\/v2\/users\/1"}],"replies":[{"embeddable":true,"href":"https:\/\/elinformanteperu.com\/index.php\/wp-json\/wp\/v2\/comments?post=21902"}],"version-history":[{"count":1,"href":"https:\/\/elinformanteperu.com\/index.php\/wp-json\/wp\/v2\/posts\/21902\/revisions"}],"predecessor-version":[{"id":21904,"href":"https:\/\/elinformanteperu.com\/index.php\/wp-json\/wp\/v2\/posts\/21902\/revisions\/21904"}],"wp:featuredmedia":[{"embeddable":true,"href":"https:\/\/elinformanteperu.com\/index.php\/wp-json\/wp\/v2\/media\/21903"}],"wp:attachment":[{"href":"https:\/\/elinformanteperu.com\/index.php\/wp-json\/wp\/v2\/media?parent=21902"}],"wp:term":[{"taxonomy":"category","embeddable":true,"href":"https:\/\/elinformanteperu.com\/index.php\/wp-json\/wp\/v2\/categories?post=21902"},{"taxonomy":"post_tag","embeddable":true,"href":"https:\/\/elinformanteperu.com\/index.php\/wp-json\/wp\/v2\/tags?post=21902"}],"curies":[{"name":"wp","href":"https:\/\/api.w.org\/{rel}","templated":true}]}}