{"id":21858,"date":"2018-01-28T11:27:51","date_gmt":"2018-01-28T16:27:51","guid":{"rendered":"http:\/\/elinformanteperu.com\/?p=21858"},"modified":"2018-01-28T11:27:51","modified_gmt":"2018-01-28T16:27:51","slug":"la-oroya-junin-y-cerro-de-pasco-presentaron-la-radiacion-uv-mas-alta-del-pais","status":"publish","type":"post","link":"https:\/\/elinformanteperu.com\/index.php\/2018\/01\/28\/la-oroya-junin-y-cerro-de-pasco-presentaron-la-radiacion-uv-mas-alta-del-pais\/","title":{"rendered":"La Oroya, Jun\u00edn y Cerro de Pasco presentaron la radiaci\u00f3n UV m\u00e1s alta del pa\u00eds"},"content":{"rendered":"<p><strong><span style=\"color: #000000;\">Las ciudades de La Oroya, Jun\u00edn y Cerro de Pasco soportaron los m\u00e1s elevados niveles de radiaci\u00f3n Ultra Violeta (UV) del pa\u00eds, con un \u00edndice de 18 cada una.<\/span><\/strong><\/p>\n<p><span style=\"color: #000000;\"><strong>Lima, 28 Enero 2018, (ANDINA).<\/strong>&#8211; Las ciudades de La Oroya, Jun\u00edn y Cerro de Pasco soportaron los m\u00e1s elevados niveles de radiaci\u00f3n Ultra Violeta (UV) del pa\u00eds, con un \u00edndice de 18 cada una, valor calificado como extremadamente alto, inform\u00f3 el Senamhi al Centro de Operaciones de Emergencia Nacional (COEN).<\/span><\/p>\n<p><span style=\"color: #000000;\">Asimismo, la mayor parte del pa\u00eds report\u00f3 valores muy altos llegando a niveles de 17 (sur, sierra y selva norte), 14 y 15 en la selva, 14 en la costa norte y 16 en el centro del pa\u00eds.<\/span><\/p>\n<p><span style=\"color: #000000;\">Para hoy domingo se prev\u00e9 las mismas condiciones sum\u00e1ndose la regi\u00f3n Puno, que tambi\u00e9n alcanzar\u00eda \u00edndice 18, advirti\u00f3 el Servicio Nacional de Meteorolog\u00eda e Hidrolog\u00eda (Senamhi).<\/span><\/p>\n","protected":false},"excerpt":{"rendered":"<p>Las ciudades de La Oroya, Jun\u00edn y Cerro de Pasco soportaron los m\u00e1s elevados niveles de radiaci\u00f3n Ultra Violeta (UV) del pa\u00eds, con un \u00edndice de 18 cada una. Lima, 28 Enero 2018, (ANDINA).&#8211; Las ciudades de La Oroya, Jun\u00edn y Cerro de Pasco soportaron los m\u00e1s elevados niveles de radiaci\u00f3n Ultra Violeta (UV) del [&hellip;]<\/p>\n","protected":false},"author":1,"featured_media":21859,"comment_status":"open","ping_status":"open","sticky":false,"template":"","format":"standard","meta":{"rop_custom_images_group":[],"rop_custom_messages_group":[],"rop_publish_now":"initial","rop_publish_now_accounts":[],"rop_publish_now_history":[],"rop_publish_now_status":"pending","footnotes":""},"categories":[10],"tags":[843,514],"class_list":["post-21858","post","type-post","status-publish","format-standard","has-post-thumbnail","hentry","category-actualidad-municipal","tag-coen","tag-senamhi"],"_links":{"self":[{"href":"https:\/\/elinformanteperu.com\/index.php\/wp-json\/wp\/v2\/posts\/21858","targetHints":{"allow":["GET"]}}],"collection":[{"href":"https:\/\/elinformanteperu.com\/index.php\/wp-json\/wp\/v2\/posts"}],"about":[{"href":"https:\/\/elinformanteperu.com\/index.php\/wp-json\/wp\/v2\/types\/post"}],"author":[{"embeddable":true,"href":"https:\/\/elinformanteperu.com\/index.php\/wp-json\/wp\/v2\/users\/1"}],"replies":[{"embeddable":true,"href":"https:\/\/elinformanteperu.com\/index.php\/wp-json\/wp\/v2\/comments?post=21858"}],"version-history":[{"count":1,"href":"https:\/\/elinformanteperu.com\/index.php\/wp-json\/wp\/v2\/posts\/21858\/revisions"}],"predecessor-version":[{"id":21860,"href":"https:\/\/elinformanteperu.com\/index.php\/wp-json\/wp\/v2\/posts\/21858\/revisions\/21860"}],"wp:featuredmedia":[{"embeddable":true,"href":"https:\/\/elinformanteperu.com\/index.php\/wp-json\/wp\/v2\/media\/21859"}],"wp:attachment":[{"href":"https:\/\/elinformanteperu.com\/index.php\/wp-json\/wp\/v2\/media?parent=21858"}],"wp:term":[{"taxonomy":"category","embeddable":true,"href":"https:\/\/elinformanteperu.com\/index.php\/wp-json\/wp\/v2\/categories?post=21858"},{"taxonomy":"post_tag","embeddable":true,"href":"https:\/\/elinformanteperu.com\/index.php\/wp-json\/wp\/v2\/tags?post=21858"}],"curies":[{"name":"wp","href":"https:\/\/api.w.org\/{rel}","templated":true}]}}