{"id":21856,"date":"2018-01-28T11:21:44","date_gmt":"2018-01-28T16:21:44","guid":{"rendered":"http:\/\/elinformanteperu.com\/?p=21856"},"modified":"2018-01-28T11:21:44","modified_gmt":"2018-01-28T16:21:44","slug":"gladys-tejeda-fue-la-gran-sorpresa-en-la-afamada-maraton-de-osaka","status":"publish","type":"post","link":"https:\/\/elinformanteperu.com\/index.php\/2018\/01\/28\/gladys-tejeda-fue-la-gran-sorpresa-en-la-afamada-maraton-de-osaka\/","title":{"rendered":"Gladys Tejeda fue la gran sorpresa en la afamada Marat\u00f3n de Osaka"},"content":{"rendered":"<p><strong><span style=\"color: #000000;\">La fondista peruana Gladys Tejeda se ubic\u00f3 en el puesto siete de la Marat\u00f3n de Osaka, disputado en Jap\u00f3n, donde impuso un tiempo de 2 horas 30 minutos y 44 segundos.<\/span><\/strong><\/p>\n<p><span style=\"color: #000000;\"><strong>Osaka, 28 Enero 2018, (ANDINA).-<\/strong> La fondista peruana Gladys Tejeda se ubic\u00f3 en el puesto siete de la Marat\u00f3n de Osaka, disputado en Jap\u00f3n, donde impuso un tiempo de 2 horas 30 minutos y 44 segundos para un recorrido de 42 kil\u00f3metros.<\/span><\/p>\n<p><span style=\"color: #000000;\">En su primera presentaci\u00f3n del presente a\u00f1o Tejeda mostr\u00f3 sus credenciales en una fecha de las m\u00e1s importantes del calendario asi\u00e1tico de larga distancia y logr\u00f3 posesionarse en el Top 10.<\/span><\/p>\n<p><span style=\"color: #000000;\">A sus 31 a\u00f1os, considerada como una de las mejores fondistas de la actualidad sudamericana, Gladys Tejeda mejor\u00f3 casi seis minutos las 2h36m16s que le valieron su victoria de agosto pasado en M\u00e9xico donde en la edici\u00f3n 2013 hab\u00eda registrado la anterior plusmarca con 2h37m34s.<\/span><\/p>\n<p><span style=\"color: #000000;\">Bajo la gu\u00eda t\u00e9cnica del entrenador Rodolfo G\u00f3mez, la fondista nacida en la Provincia de Jun\u00edn lleg\u00f3 a integrar el pelot\u00f3n de punta en este Marat\u00f3n de Osaka que reviste categor\u00eda IAAF Gold Label, el m\u00e1ximo nivel otorgada por la Federaci\u00f3n Internacional de Atletismo que preside el ex bicampe\u00f3n ol\u00edmpico brit\u00e1nico Sebastian Coe.<\/span><\/p>\n<p><span style=\"color: #000000;\">A la par de las punteras, Tejeda arrib\u00f3 en cuarta posici\u00f3n al kil\u00f3metro 35 pero, a partir de ah\u00ed cuando las atletas locales impusieron sus constantes cambios de ritmo, descendi\u00f3 tres lugares hasta cruzar la meta en s\u00e9ptima colocaci\u00f3n a ocho minutos de la vencedora, Mizuki Matsuda, cuyas 2h22m44s constituyen la tercera mejor marca japonesa para una debutante en esta distancia.<\/span><\/p>\n<p><span style=\"color: #000000;\"><strong>TOP-8 DEL MARAT\u00d3N FEMENINO DE OSAKA 42 Km.<\/strong><\/span><\/p>\n<p><span style=\"color: #000000;\"><strong>1<\/strong> Mizuki Matsuda (JPN) 2:22:44<\/span><br \/>\n<span style=\"color: #000000;\"><strong>2<\/strong> Honami Maeda (JPN) 2:23:48<\/span><br \/>\n<span style=\"color: #000000;\"><strong>3<\/strong> Yuka Ando (JPN) 2:27:37<\/span><br \/>\n<span style=\"color: #000000;\"><strong>4<\/strong> Anja Scherl (GER) 2:29:29<\/span><br \/>\n<span style=\"color: #000000;\"><strong>5<\/strong> Kaori Yoshida (JPN) 2:29:53<\/span><br \/>\n<span style=\"color: #000000;\"><strong>6<\/strong> Mari Ozaki (JPN) 2:30:03<\/span><br \/>\n<span style=\"color: #000000;\"><strong>7<\/strong> Gladys Tejeda (PER) 2:30:44<\/span><br \/>\n<span style=\"color: #000000;\"><strong>8<\/strong> Hitomi Mizuguchi (JPN) 2:33:10<\/span><\/p>\n<p><span style=\"color: #000000;\"><strong>Fuente:<\/strong> www.eldepornauta.com.ar<\/span><\/p>\n<p><img fetchpriority=\"high\" decoding=\"async\" class=\"aligncenter size-full wp-image-18964\" src=\"http:\/\/elinformanteperu.com\/wp-content\/uploads\/2017\/11\/gladys-tejeda-bolivarianos1.jpg\" alt=\"\" width=\"611\" height=\"458\" srcset=\"https:\/\/elinformanteperu.com\/wp-content\/uploads\/2017\/11\/gladys-tejeda-bolivarianos1.jpg 611w, https:\/\/elinformanteperu.com\/wp-content\/uploads\/2017\/11\/gladys-tejeda-bolivarianos1-300x225.jpg 300w, https:\/\/elinformanteperu.com\/wp-content\/uploads\/2017\/11\/gladys-tejeda-bolivarianos1-128x96.jpg 128w, https:\/\/elinformanteperu.com\/wp-content\/uploads\/2017\/11\/gladys-tejeda-bolivarianos1-32x24.jpg 32w\" sizes=\"(max-width: 611px) 100vw, 611px\" \/><\/p>\n","protected":false},"excerpt":{"rendered":"<p>La fondista peruana Gladys Tejeda se ubic\u00f3 en el puesto siete de la Marat\u00f3n de Osaka, disputado en Jap\u00f3n, donde impuso un tiempo de 2 horas 30 minutos y 44 segundos. Osaka, 28 Enero 2018, (ANDINA).- La fondista peruana Gladys Tejeda se ubic\u00f3 en el puesto siete de la Marat\u00f3n de Osaka, disputado en Jap\u00f3n, [&hellip;]<\/p>\n","protected":false},"author":1,"featured_media":18963,"comment_status":"open","ping_status":"open","sticky":false,"template":"","format":"standard","meta":{"rop_custom_images_group":[],"rop_custom_messages_group":[],"rop_publish_now":"initial","rop_publish_now_accounts":[],"rop_publish_now_history":[],"rop_publish_now_status":"pending","footnotes":""},"categories":[8],"tags":[582],"class_list":["post-21856","post","type-post","status-publish","format-standard","has-post-thumbnail","hentry","category-disciplinas-deportivas","tag-gladys-tejeda"],"_links":{"self":[{"href":"https:\/\/elinformanteperu.com\/index.php\/wp-json\/wp\/v2\/posts\/21856","targetHints":{"allow":["GET"]}}],"collection":[{"href":"https:\/\/elinformanteperu.com\/index.php\/wp-json\/wp\/v2\/posts"}],"about":[{"href":"https:\/\/elinformanteperu.com\/index.php\/wp-json\/wp\/v2\/types\/post"}],"author":[{"embeddable":true,"href":"https:\/\/elinformanteperu.com\/index.php\/wp-json\/wp\/v2\/users\/1"}],"replies":[{"embeddable":true,"href":"https:\/\/elinformanteperu.com\/index.php\/wp-json\/wp\/v2\/comments?post=21856"}],"version-history":[{"count":1,"href":"https:\/\/elinformanteperu.com\/index.php\/wp-json\/wp\/v2\/posts\/21856\/revisions"}],"predecessor-version":[{"id":21857,"href":"https:\/\/elinformanteperu.com\/index.php\/wp-json\/wp\/v2\/posts\/21856\/revisions\/21857"}],"wp:featuredmedia":[{"embeddable":true,"href":"https:\/\/elinformanteperu.com\/index.php\/wp-json\/wp\/v2\/media\/18963"}],"wp:attachment":[{"href":"https:\/\/elinformanteperu.com\/index.php\/wp-json\/wp\/v2\/media?parent=21856"}],"wp:term":[{"taxonomy":"category","embeddable":true,"href":"https:\/\/elinformanteperu.com\/index.php\/wp-json\/wp\/v2\/categories?post=21856"},{"taxonomy":"post_tag","embeddable":true,"href":"https:\/\/elinformanteperu.com\/index.php\/wp-json\/wp\/v2\/tags?post=21856"}],"curies":[{"name":"wp","href":"https:\/\/api.w.org\/{rel}","templated":true}]}}