{"id":21854,"date":"2018-01-28T11:18:20","date_gmt":"2018-01-28T16:18:20","guid":{"rendered":"http:\/\/elinformanteperu.com\/?p=21854"},"modified":"2018-01-28T11:18:20","modified_gmt":"2018-01-28T16:18:20","slug":"sporting-cristal-enfrenta-a-la-universidad-de-chile-en-su-presentacion-oficial","status":"publish","type":"post","link":"https:\/\/elinformanteperu.com\/index.php\/2018\/01\/28\/sporting-cristal-enfrenta-a-la-universidad-de-chile-en-su-presentacion-oficial\/","title":{"rendered":"Sporting Cristal enfrenta a la Universidad de Chile en su presentaci\u00f3n oficial"},"content":{"rendered":"<p><strong><span style=\"color: #000000;\">Sporting Cristal realizar\u00e1n hoy, desde las 11:00 horas, su primera aparici\u00f3n en el a\u00f1o ante sus hinchas en el &#8216;D\u00eda de la Raza Celeste&#8217;.<\/span><\/strong><\/p>\n<p><span style=\"color: #000000;\"><strong>Lima, 28 Enero 2018, (ANDINA).-<\/strong> Sporting Cristal realizar\u00e1n hoy, desde las 11:00 horas, su primera aparici\u00f3n en el a\u00f1o ante sus hinchas en el &#8216;D\u00eda de la Raza Celeste&#8217;, que se realizar\u00e1 en el estadio Alberto Gallardo, donde enfrentar\u00e1 a la &#8216;U&#8217; de Chile, a las 15:00 horas.<\/span><\/p>\n<p><span style=\"color: #000000;\">El equipo celeste se reforz\u00f3 este a\u00f1o con el entrenador chileno Mario Salas y los jugadores Yuli\u00e1n Mej\u00eda (Colombia), Emanuel Herrera y Omar Merlo (ambos de Argentina) y el arquero nacional Patricio \u00c1lvarez.<\/span><\/p>\n<p><span style=\"color: #000000;\">Del plantel del a\u00f1o pasado decidi\u00f3 mantener a Carlos Lobat\u00f3n (su \u00faltimo a\u00f1o como jugador profesional), Jorge Cazulo, Gabriel Costa, Jair C\u00e9spedes, Horacio Calcaterra y Josepmir Ball\u00f3n, de quienes se espera sean la columna vertebal del equipo del 2018.<\/span><\/p>\n<p><span style=\"color: #000000;\">Sporting Cristal forma parte del Grupo A en el Torneo de Verano junto a Sport Rosario, Ayacucho FC, Comerciantes Unidos, UTC, Alianza Lima, Universitario de Deportes y San Mart\u00edn. Su debut aqu\u00ed ser\u00e1 la primera semana de febrero ante el equipo de Cajamarca.<\/span><\/p>\n<p><span style=\"color: #000000;\">El cuadro celeste tambi\u00e9n representar\u00e1 al Per\u00fa en la Copa Sudamericana 2018, siendo esta su primera participaci\u00f3n en el torneo.<\/span><\/p>\n<p><img fetchpriority=\"high\" decoding=\"async\" class=\"aligncenter size-full wp-image-13347\" src=\"http:\/\/elinformanteperu.com\/wp-content\/uploads\/2017\/07\/alianza-cristal-4.jpg\" alt=\"\" width=\"1800\" height=\"1212\" srcset=\"https:\/\/elinformanteperu.com\/wp-content\/uploads\/2017\/07\/alianza-cristal-4.jpg 1800w, https:\/\/elinformanteperu.com\/wp-content\/uploads\/2017\/07\/alianza-cristal-4-300x202.jpg 300w, https:\/\/elinformanteperu.com\/wp-content\/uploads\/2017\/07\/alianza-cristal-4-768x517.jpg 768w, https:\/\/elinformanteperu.com\/wp-content\/uploads\/2017\/07\/alianza-cristal-4-1024x689.jpg 1024w, https:\/\/elinformanteperu.com\/wp-content\/uploads\/2017\/07\/alianza-cristal-4-128x86.jpg 128w, https:\/\/elinformanteperu.com\/wp-content\/uploads\/2017\/07\/alianza-cristal-4-32x22.jpg 32w\" sizes=\"(max-width: 1800px) 100vw, 1800px\" \/><\/p>\n","protected":false},"excerpt":{"rendered":"<p>Sporting Cristal realizar\u00e1n hoy, desde las 11:00 horas, su primera aparici\u00f3n en el a\u00f1o ante sus hinchas en el &#8216;D\u00eda de la Raza Celeste&#8217;. Lima, 28 Enero 2018, (ANDINA).- Sporting Cristal realizar\u00e1n hoy, desde las 11:00 horas, su primera aparici\u00f3n en el a\u00f1o ante sus hinchas en el &#8216;D\u00eda de la Raza Celeste&#8217;, que se [&hellip;]<\/p>\n","protected":false},"author":1,"featured_media":8073,"comment_status":"open","ping_status":"open","sticky":false,"template":"","format":"standard","meta":{"rop_custom_images_group":[],"rop_custom_messages_group":[],"rop_publish_now":"initial","rop_publish_now_accounts":[],"rop_publish_now_history":[],"rop_publish_now_status":"pending","footnotes":""},"categories":[8],"tags":[200],"class_list":["post-21854","post","type-post","status-publish","format-standard","has-post-thumbnail","hentry","category-disciplinas-deportivas","tag-sporting-cristal"],"_links":{"self":[{"href":"https:\/\/elinformanteperu.com\/index.php\/wp-json\/wp\/v2\/posts\/21854","targetHints":{"allow":["GET"]}}],"collection":[{"href":"https:\/\/elinformanteperu.com\/index.php\/wp-json\/wp\/v2\/posts"}],"about":[{"href":"https:\/\/elinformanteperu.com\/index.php\/wp-json\/wp\/v2\/types\/post"}],"author":[{"embeddable":true,"href":"https:\/\/elinformanteperu.com\/index.php\/wp-json\/wp\/v2\/users\/1"}],"replies":[{"embeddable":true,"href":"https:\/\/elinformanteperu.com\/index.php\/wp-json\/wp\/v2\/comments?post=21854"}],"version-history":[{"count":1,"href":"https:\/\/elinformanteperu.com\/index.php\/wp-json\/wp\/v2\/posts\/21854\/revisions"}],"predecessor-version":[{"id":21855,"href":"https:\/\/elinformanteperu.com\/index.php\/wp-json\/wp\/v2\/posts\/21854\/revisions\/21855"}],"wp:featuredmedia":[{"embeddable":true,"href":"https:\/\/elinformanteperu.com\/index.php\/wp-json\/wp\/v2\/media\/8073"}],"wp:attachment":[{"href":"https:\/\/elinformanteperu.com\/index.php\/wp-json\/wp\/v2\/media?parent=21854"}],"wp:term":[{"taxonomy":"category","embeddable":true,"href":"https:\/\/elinformanteperu.com\/index.php\/wp-json\/wp\/v2\/categories?post=21854"},{"taxonomy":"post_tag","embeddable":true,"href":"https:\/\/elinformanteperu.com\/index.php\/wp-json\/wp\/v2\/tags?post=21854"}],"curies":[{"name":"wp","href":"https:\/\/api.w.org\/{rel}","templated":true}]}}