{"id":21722,"date":"2018-01-24T23:04:31","date_gmt":"2018-01-25T04:04:31","guid":{"rendered":"http:\/\/elinformanteperu.com\/?p=21722"},"modified":"2018-01-24T23:04:31","modified_gmt":"2018-01-25T04:04:31","slug":"santa-anita-bus-interprovincial-se-incendia-en-via-de-evitamiento","status":"publish","type":"post","link":"https:\/\/elinformanteperu.com\/index.php\/2018\/01\/24\/santa-anita-bus-interprovincial-se-incendia-en-via-de-evitamiento\/","title":{"rendered":"Santa Anita: bus interprovincial se incendia en V\u00eda de Evitamiento"},"content":{"rendered":"<p><strong><span style=\"color: #000000;\">Un bus de transporte interprovincial fue consumido por el fuego, cuando se encontraba a la altura del peaje de la V\u00eda de Evitamiento en el sentido sur-norte, jurisdicci\u00f3n de Santa Anita.<\/span><\/strong><\/p>\n<p><span style=\"color: #000000;\"><strong>Lima, 24 Enero 2018, (ANDINA).-<\/strong> Un bus de transporte interprovincial fue consumido por el fuego, cuando se encontraba a la altura del peaje de la V\u00eda de Evitamiento en el sentido sur-norte, jurisdicci\u00f3n de Santa Anita.<\/span><\/p>\n<p><span style=\"color: #000000;\">Fue necesario el despliegue de cinco unidades de los bomberos para atender esta emergencia ocurrida en el veh\u00edculo de propiedad de la empresa Guadalupe.<\/span><\/p>\n<p><span style=\"color: #000000;\">Afortunadamente, la unidad de transporte interprovincial no llevaba pasajeros, pero el fuego s\u00ed caus\u00f3 da\u00f1os en la garita del peaje electr\u00f3nico del lugar, que administra el consorcio L\u00ednea Amarilla SAC.<\/span><\/p>\n<p><span style=\"color: #000000;\">Se desconoce por el momento, las causas del siniestro, aunque se presume que el veh\u00edculo pudo presentar una falla el\u00e9ctrica.<\/span><\/p>\n","protected":false},"excerpt":{"rendered":"<p>Un bus de transporte interprovincial fue consumido por el fuego, cuando se encontraba a la altura del peaje de la V\u00eda de Evitamiento en el sentido sur-norte, jurisdicci\u00f3n de Santa Anita. Lima, 24 Enero 2018, (ANDINA).- Un bus de transporte interprovincial fue consumido por el fuego, cuando se encontraba a la altura del peaje de [&hellip;]<\/p>\n","protected":false},"author":1,"featured_media":21723,"comment_status":"open","ping_status":"open","sticky":false,"template":"","format":"standard","meta":{"rop_custom_images_group":[],"rop_custom_messages_group":[],"rop_publish_now":"initial","rop_publish_now_accounts":[],"rop_publish_now_history":[],"rop_publish_now_status":"pending","footnotes":""},"categories":[10],"tags":[2150,317,119],"class_list":["post-21722","post","type-post","status-publish","format-standard","has-post-thumbnail","hentry","category-actualidad-municipal","tag-linea-amarilla","tag-mtc","tag-municipalidad-de-santa-anita"],"_links":{"self":[{"href":"https:\/\/elinformanteperu.com\/index.php\/wp-json\/wp\/v2\/posts\/21722","targetHints":{"allow":["GET"]}}],"collection":[{"href":"https:\/\/elinformanteperu.com\/index.php\/wp-json\/wp\/v2\/posts"}],"about":[{"href":"https:\/\/elinformanteperu.com\/index.php\/wp-json\/wp\/v2\/types\/post"}],"author":[{"embeddable":true,"href":"https:\/\/elinformanteperu.com\/index.php\/wp-json\/wp\/v2\/users\/1"}],"replies":[{"embeddable":true,"href":"https:\/\/elinformanteperu.com\/index.php\/wp-json\/wp\/v2\/comments?post=21722"}],"version-history":[{"count":1,"href":"https:\/\/elinformanteperu.com\/index.php\/wp-json\/wp\/v2\/posts\/21722\/revisions"}],"predecessor-version":[{"id":21724,"href":"https:\/\/elinformanteperu.com\/index.php\/wp-json\/wp\/v2\/posts\/21722\/revisions\/21724"}],"wp:featuredmedia":[{"embeddable":true,"href":"https:\/\/elinformanteperu.com\/index.php\/wp-json\/wp\/v2\/media\/21723"}],"wp:attachment":[{"href":"https:\/\/elinformanteperu.com\/index.php\/wp-json\/wp\/v2\/media?parent=21722"}],"wp:term":[{"taxonomy":"category","embeddable":true,"href":"https:\/\/elinformanteperu.com\/index.php\/wp-json\/wp\/v2\/categories?post=21722"},{"taxonomy":"post_tag","embeddable":true,"href":"https:\/\/elinformanteperu.com\/index.php\/wp-json\/wp\/v2\/tags?post=21722"}],"curies":[{"name":"wp","href":"https:\/\/api.w.org\/{rel}","templated":true}]}}