{"id":21714,"date":"2018-01-24T22:41:40","date_gmt":"2018-01-25T03:41:40","guid":{"rendered":"http:\/\/elinformanteperu.com\/?p=21714"},"modified":"2018-01-24T22:41:40","modified_gmt":"2018-01-25T03:41:40","slug":"gareca-asegura-que-el-jugador-peruano-esta-mentalmente-fuerte-para-afrontar-el-mundial","status":"publish","type":"post","link":"https:\/\/elinformanteperu.com\/index.php\/2018\/01\/24\/gareca-asegura-que-el-jugador-peruano-esta-mentalmente-fuerte-para-afrontar-el-mundial\/","title":{"rendered":"Gareca asegura que el jugador peruano est\u00e1 mentalmente fuerte para afrontar el Mundial"},"content":{"rendered":"<p><strong><span style=\"color: #000000;\">El t\u00e9cnico Ricardo Gareca se\u00f1al\u00f3 que el jugador peruano es fuerte psicol\u00f3gicamente y es un convencido de que encontrar\u00e1 buena respuesta para afrontar el Mundial de Rusia 2018.\u00a0<\/span><\/strong><\/p>\n<p><span style=\"color: #000000;\"><strong>Lima, 24 Enero 2018, (ANDINA).-<\/strong> El t\u00e9cnico Ricardo Gareca se\u00f1al\u00f3 que el jugador peruano es fuerte psicol\u00f3gicamente y es un convencido de que encontrar\u00e1 buena respuesta en el desaf\u00edo de afrontar el Mundial de Rusia 2018. Tambi\u00e9n dijo que la Blanquirroja, d\u00edas antes de iniciarse la Copa del Mundo, tiene planeado trabajar en \u00c1msterdam (Holanda) y no en Austria.<\/span><\/p>\n<p><span style=\"color: #000000;\">\u00abSiempre sostuvimos que el jugador peruano es muy fuerte psicol\u00f3gicamente. En ese sentido, lo hemos manejado muy bien. Creemos que Per\u00fa llegar\u00e1 de la mejor manera al Mundial. Estamos convencidos de que encontraremos una respuesta positiva ante el desaf\u00edo de lo que significa disputar el Mundial\u00bb, dijo el estratega.<\/span><\/p>\n<p><span style=\"color: #000000;\">Con varios partidos amistosos, el Per\u00fa afinar\u00e1 desde marzo los detalles de su preparaci\u00f3n al Mundial de Rusia 2018, donde espera lograr un buen papel, asegur\u00f3 Gareca.<\/span><\/p>\n<p><span style=\"color: #000000;\">\u00abCreo que podemos hacer un buen papel, pese a lo dif\u00edcil que pueden ser las selecciones que estar\u00e1n en el Mundial\u00bb, declar\u00f3 en conferencia de prensa.<\/span><\/p>\n<p><span style=\"color: #000000;\">El Tigre Gareca confirm\u00f3 los dos primeros duelos amistosos que sostendr\u00e1 la selecci\u00f3n peruana el 23 y 27 de marzo ante sus similares de Croacia e Islandia en Miami y Nueva York, respectivamente.<\/span><\/p>\n<p><span style=\"color: #000000;\">\u00abLos amistosos confirmados son Croacia e Islandia. No podemos decir que est\u00e1 concreto (Escocia y Suecia). Falta la firma. Mientras no haya una firma no podemos tildarlo de oficial\u00bb, asegur\u00f3 el DT.<\/span><\/p>\n<p><span style=\"color: #000000;\">Aunque indic\u00f3 que espera tener de cuatro a cinco partidos de preparaci\u00f3n antes de llegar a Mosc\u00fa.<\/span><\/p>\n<p><span style=\"color: #000000;\">Per\u00fa y Escocia se enfrentar\u00edan el 29 de mayo en Lima, seg\u00fan inform\u00f3 la Federaci\u00f3n de F\u00fatbol de Escocia en su p\u00e1gina web.<\/span><\/p>\n<p><span style=\"color: #000000;\">El estratega argentino anunci\u00f3 que Per\u00fa cambiar\u00eda de lugar de concentraci\u00f3n antes de ir al Mundial.<\/span><\/p>\n<p><span style=\"color: #000000;\">\u00abExiste la posibilidad de que viajemos a \u00c1msterdam y ya no a Austria\u00bb, coment\u00f3 Gareca, quien evit\u00f3 pronunciarse sobre una renovaci\u00f3n de su contrato con la Federaci\u00f3n Peruana de F\u00fatbol.<\/span><\/p>\n<p><span style=\"color: #000000;\">Gareca, quien dirigir\u00e1 por primera vez a una selecci\u00f3n en un Mundial, revel\u00f3 que llevar\u00e1n de 11 a 14 jugadores juveniles a Rusia, para apoyar a la selecci\u00f3n como \u00absparrings\u00bb.<\/span><\/p>\n<p><strong><span style=\"color: #000000;\">Conf\u00eda en Paolo<\/span><\/strong><\/p>\n<p><span style=\"color: #000000;\">Por otro lado, el DT se mostr\u00f3 confiado de poder contar con el delantero Paolo Guerrero, que milita en el brasile\u00f1o Flamengo, luego de que la FIFA le redujera de un a\u00f1o a seis meses la sanci\u00f3n por dopaje.<\/span><\/p>\n<p><span style=\"color: #000000;\">\u00abPaolo es el capit\u00e1n de la selecci\u00f3n. Estamos un poco atados a todo este proceso. Todo depende de \u00e9l, de su preparaci\u00f3n psicol\u00f3gica y f\u00edsica. Si le toca estar en la lista, va a llegar de la mejor manera\u00bb, se\u00f1al\u00f3.<\/span><\/p>\n<p><span style=\"color: #000000;\">Per\u00fa debutar\u00e1 en el Mundial 2018 el 16 de junio ante Dinamarca, en Saransk. Luego enfrentar\u00e1 a Francia el 21 de junio en Ekaterimburgo y cerrar\u00e1 sus duelos en el grupo C contra Australia el 26 de junio, en Sochi.<\/span><\/p>\n<p><img fetchpriority=\"high\" decoding=\"async\" class=\"aligncenter size-full wp-image-18626\" src=\"http:\/\/elinformanteperu.com\/wp-content\/uploads\/2017\/11\/seleccion-entrenamiento-repechaje1.jpeg\" alt=\"\" width=\"1214\" height=\"697\" srcset=\"https:\/\/elinformanteperu.com\/wp-content\/uploads\/2017\/11\/seleccion-entrenamiento-repechaje1.jpeg 1214w, https:\/\/elinformanteperu.com\/wp-content\/uploads\/2017\/11\/seleccion-entrenamiento-repechaje1-300x172.jpeg 300w, https:\/\/elinformanteperu.com\/wp-content\/uploads\/2017\/11\/seleccion-entrenamiento-repechaje1-768x441.jpeg 768w, https:\/\/elinformanteperu.com\/wp-content\/uploads\/2017\/11\/seleccion-entrenamiento-repechaje1-1024x588.jpeg 1024w, https:\/\/elinformanteperu.com\/wp-content\/uploads\/2017\/11\/seleccion-entrenamiento-repechaje1-128x73.jpeg 128w, https:\/\/elinformanteperu.com\/wp-content\/uploads\/2017\/11\/seleccion-entrenamiento-repechaje1-32x18.jpeg 32w\" sizes=\"(max-width: 1214px) 100vw, 1214px\" \/><\/p>\n","protected":false},"excerpt":{"rendered":"<p>El t\u00e9cnico Ricardo Gareca se\u00f1al\u00f3 que el jugador peruano es fuerte psicol\u00f3gicamente y es un convencido de que encontrar\u00e1 buena respuesta para afrontar el Mundial de Rusia 2018.\u00a0 Lima, 24 Enero 2018, (ANDINA).- El t\u00e9cnico Ricardo Gareca se\u00f1al\u00f3 que el jugador peruano es fuerte psicol\u00f3gicamente y es un convencido de que encontrar\u00e1 buena respuesta en [&hellip;]<\/p>\n","protected":false},"author":1,"featured_media":21715,"comment_status":"open","ping_status":"open","sticky":false,"template":"","format":"standard","meta":{"rop_custom_images_group":[],"rop_custom_messages_group":[],"rop_publish_now":"initial","rop_publish_now_accounts":[],"rop_publish_now_history":[],"rop_publish_now_status":"pending","footnotes":""},"categories":[8],"tags":[92,137],"class_list":["post-21714","post","type-post","status-publish","format-standard","has-post-thumbnail","hentry","category-disciplinas-deportivas","tag-ricardo-gareca","tag-seleccion-peruana"],"_links":{"self":[{"href":"https:\/\/elinformanteperu.com\/index.php\/wp-json\/wp\/v2\/posts\/21714","targetHints":{"allow":["GET"]}}],"collection":[{"href":"https:\/\/elinformanteperu.com\/index.php\/wp-json\/wp\/v2\/posts"}],"about":[{"href":"https:\/\/elinformanteperu.com\/index.php\/wp-json\/wp\/v2\/types\/post"}],"author":[{"embeddable":true,"href":"https:\/\/elinformanteperu.com\/index.php\/wp-json\/wp\/v2\/users\/1"}],"replies":[{"embeddable":true,"href":"https:\/\/elinformanteperu.com\/index.php\/wp-json\/wp\/v2\/comments?post=21714"}],"version-history":[{"count":1,"href":"https:\/\/elinformanteperu.com\/index.php\/wp-json\/wp\/v2\/posts\/21714\/revisions"}],"predecessor-version":[{"id":21716,"href":"https:\/\/elinformanteperu.com\/index.php\/wp-json\/wp\/v2\/posts\/21714\/revisions\/21716"}],"wp:featuredmedia":[{"embeddable":true,"href":"https:\/\/elinformanteperu.com\/index.php\/wp-json\/wp\/v2\/media\/21715"}],"wp:attachment":[{"href":"https:\/\/elinformanteperu.com\/index.php\/wp-json\/wp\/v2\/media?parent=21714"}],"wp:term":[{"taxonomy":"category","embeddable":true,"href":"https:\/\/elinformanteperu.com\/index.php\/wp-json\/wp\/v2\/categories?post=21714"},{"taxonomy":"post_tag","embeddable":true,"href":"https:\/\/elinformanteperu.com\/index.php\/wp-json\/wp\/v2\/tags?post=21714"}],"curies":[{"name":"wp","href":"https:\/\/api.w.org\/{rel}","templated":true}]}}