{"id":21711,"date":"2018-01-24T22:15:02","date_gmt":"2018-01-25T03:15:02","guid":{"rendered":"http:\/\/elinformanteperu.com\/?p=21711"},"modified":"2018-01-24T22:15:02","modified_gmt":"2018-01-25T03:15:02","slug":"javier-mascherano-un-jefecito-que-deja-el-barca-y-el-futbol-de-elite","status":"publish","type":"post","link":"https:\/\/elinformanteperu.com\/index.php\/2018\/01\/24\/javier-mascherano-un-jefecito-que-deja-el-barca-y-el-futbol-de-elite\/","title":{"rendered":"Javier Mascherano, un &#8216;Jefecito&#8217; que deja el Bar\u00e7a y el f\u00fatbol de \u00e9lite"},"content":{"rendered":"<p><strong><span style=\"color: #000000;\">Javier Mascherano, el &#8216;Jefecito&#8217;, puso un punto y seguido en su carrera al marcharse al Hebei Fortune chino, poniendo fin a siete a\u00f1os y medio en el Barcelona.<\/span><\/strong><\/p>\n<p><span style=\"color: #000000;\"><strong>Barcelona, 24 Enero 2018, (ANDINA).-<\/strong> Un emocionado Javier Mascherano, el &#8216;Jefecito&#8217;, puso un punto y seguido en su carrera al marcharse al Hebei Fortune chino, poniendo fin a siete a\u00f1os y medio en el Barcelona y a quince a\u00f1os en el f\u00fatbol de \u00e9lite.<\/span><\/p>\n<p><span style=\"color: #000000;\">\u00abTerminar en el f\u00fatbol de \u00e9lite en el Barcelona para m\u00ed es un orgullo tremendo\u00bb, dijo Mascherano, de 33 a\u00f1os, en un acto de despedida organizado por el Bar\u00e7a, al que lleg\u00f3 mediado en 2010 para vivir su etapa futbol\u00edstica m\u00e1s exitosa.<\/span><\/p>\n<p><span style=\"color: #000000;\">\u00abAqu\u00ed he vivido los mejores momentos de mi carrera, estoy muy contento de abandonar as\u00ed el club\u00bb, querido por todos, para seguir jugando en una liga menos exigente.<\/span><\/p>\n<p><span style=\"color: #000000;\">Mascherano puso fin a un sue\u00f1o azulgrana por el que pele\u00f3 hasta el punto de pedir el \u00abtransfer request\u00bb al Liverpool para poner rumbo al Bar\u00e7a de Pep Guardiola y formar parte de uno de los equipos m\u00e1s brillantes de la historia del club catal\u00e1n.<\/span><\/p>\n<p><span style=\"color: #000000;\">Dieciocho t\u00edtulos, entre ellos cuatro t\u00edtulos de Liga, cuatro Copas del Rey, tres Supercopas de Espa\u00f1a, dos Ligas de Campeones, dos Supercopas de Europa y dos Mundiales de Clubes, adornan el paso de &#8216;Masche&#8217; por el Bar\u00e7a.<\/span><\/p>\n<p><span style=\"color: #000000;\">Su carrera en el Barcelona s\u00f3lo se vio empa\u00f1ada por su condena a un a\u00f1o de c\u00e1rcel, que no tuvo que cumplir, y al pago de una multa por un fraude fiscal.<\/span><\/p>\n<p><span style=\"color: #000000;\">Su periplo barcelon\u00e9s culmin\u00f3 un recorrido que inici\u00f3 en 2003 cuando el t\u00e9cnico chileno Manuel Pellegrini, con el que se reencontrar\u00e1 en el Hebei Fortune, dio su primera oportunidad en Primera Divisi\u00f3n a un joven centrocampista nacido en San Lorenzo 19 a\u00f1os antes.<\/span><\/p>\n<p><strong><span style=\"color: #000000;\">El salto a Europa<\/span><\/strong><\/p>\n<p><img fetchpriority=\"high\" decoding=\"async\" class=\"aligncenter size-full wp-image-18170\" src=\"http:\/\/elinformanteperu.com\/wp-content\/uploads\/2017\/11\/mascherano.jpg\" alt=\"\" width=\"1800\" height=\"1357\" srcset=\"https:\/\/elinformanteperu.com\/wp-content\/uploads\/2017\/11\/mascherano.jpg 1800w, https:\/\/elinformanteperu.com\/wp-content\/uploads\/2017\/11\/mascherano-300x226.jpg 300w, https:\/\/elinformanteperu.com\/wp-content\/uploads\/2017\/11\/mascherano-768x579.jpg 768w, https:\/\/elinformanteperu.com\/wp-content\/uploads\/2017\/11\/mascherano-1024x772.jpg 1024w, https:\/\/elinformanteperu.com\/wp-content\/uploads\/2017\/11\/mascherano-128x96.jpg 128w, https:\/\/elinformanteperu.com\/wp-content\/uploads\/2017\/11\/mascherano-32x24.jpg 32w\" sizes=\"(max-width: 1800px) 100vw, 1800px\" \/><\/p>\n<p><span style=\"color: #000000;\">Mascherano apenas jug\u00f3 unos minutos frente al Nueva Chicago (victoria 2-1) que sirvieron para inaugurar una carrera que en River le llevar\u00eda a ganar un torneo de clausura en 2004, antes de dar el salto al a\u00f1o siguiente al Corinthians brasile\u00f1o.<\/span><\/p>\n<p><span style=\"color: #000000;\">Tras su paso por el club brasile\u00f1o, con el que gan\u00f3 un campeonato Brasileiro, Mascherano dio el salto a Europa en 2006 al West Ham ingl\u00e9s, en el que apenas estar\u00eda seis meses antes de ser traspasado al Liverpool en 2007.<\/span><\/p>\n<p><span style=\"color: #000000;\">El centrocampista argentino se hizo imprescindible en el &#8216;spanish Liverpool&#8217; de Rafa Ben\u00edtez, llegando a su primera final de Liga de Campeones, donde caer\u00eda ante el AC Milan (2-1) en 2007.<\/span><\/p>\n<p><span style=\"color: #000000;\">Tres a\u00f1os y medio despu\u00e9s de su llegada a Anfield, Mascherano no duda a la hora de salir hacia el Barcelona por 24 millones de euros, para vivir su \u00e9poca m\u00e1s gloriosa.<\/span><\/p>\n<p><span style=\"color: #000000;\">Brillante mediocentro, el \u00abJefecito\u00bb, un apodo que no le gusta, pese a que refleja las dotes de l\u00edder que le reconocen sus compa\u00f1eros, acab\u00f3 m\u00e1s relegado al eje de la zaga, especialmente ante la dura competencia de Sergio Busquets.<\/span><\/p>\n<p><span style=\"color: #000000;\">\u00abEn su momento, cuando llegu\u00e9 ten\u00eda claro que iba a ser muy dif\u00edcil jugar, tenemos el mejor mediocentro del mundo y mi posicion era esa\u00bb, reconoc\u00eda Mascherano.<\/span><\/p>\n<p><strong><span style=\"color: #000000;\">Emblema azulgrana<\/span><\/strong><\/p>\n<p><img decoding=\"async\" class=\"aligncenter size-full wp-image-8807\" src=\"http:\/\/elinformanteperu.com\/wp-content\/uploads\/2017\/04\/barcelona-madrid-4.jpg\" alt=\"\" width=\"1000\" height=\"657\" srcset=\"https:\/\/elinformanteperu.com\/wp-content\/uploads\/2017\/04\/barcelona-madrid-4.jpg 1000w, https:\/\/elinformanteperu.com\/wp-content\/uploads\/2017\/04\/barcelona-madrid-4-300x197.jpg 300w, https:\/\/elinformanteperu.com\/wp-content\/uploads\/2017\/04\/barcelona-madrid-4-768x505.jpg 768w, https:\/\/elinformanteperu.com\/wp-content\/uploads\/2017\/04\/barcelona-madrid-4-128x84.jpg 128w, https:\/\/elinformanteperu.com\/wp-content\/uploads\/2017\/04\/barcelona-madrid-4-32x21.jpg 32w\" sizes=\"(max-width: 1000px) 100vw, 1000px\" \/><\/p>\n<p><span style=\"color: #000000;\">Ello no ha impedido que haya terminado convirti\u00e9ndose en uno de los emblemas del Bar\u00e7a, emblema que tambi\u00e9n es de la selecci\u00f3n argentina con la que se proclam\u00f3 subcampe\u00f3n en 2014 en el Mundial de Brasil.<\/span><\/p>\n<p><span style=\"color: #000000;\">Su deseo de mantener una forma suficiente para optar a seguir defendiendo la camiseta albiceleste en Rusia-2018 tambi\u00e9n ha pesado a la hora de dar el paso al f\u00fatbol chino.<\/span><\/p>\n<p><span style=\"color: #000000;\">\u00abPrimero, lo que busqu\u00e9 es tratar de reencontrar la ilusi\u00f3n que poco a poco se iba perdiendo, y bueno, est\u00e1 claro que si tengo la posibilidad de tener una continuidad, a mi edad es bastante importante\u00bb, afirm\u00f3.<\/span><\/p>\n<p><span style=\"color: #000000;\">Subcampe\u00f3n en cuatro ocasiones de la Copa Am\u00e9rica (2004, 2007, 2015 y 2016), Mascherano tambi\u00e9n gan\u00f3 dos oros ol\u00edmpicos, en los Juegos de Atenas 2004 y Pek\u00edn 2008.<\/span><\/p>\n<p><img decoding=\"async\" class=\"aligncenter size-full wp-image-8928\" src=\"http:\/\/elinformanteperu.com\/wp-content\/uploads\/2017\/04\/barcelona-osuna-messi.jpg\" alt=\"\" width=\"1800\" height=\"1198\" srcset=\"https:\/\/elinformanteperu.com\/wp-content\/uploads\/2017\/04\/barcelona-osuna-messi.jpg 1800w, https:\/\/elinformanteperu.com\/wp-content\/uploads\/2017\/04\/barcelona-osuna-messi-300x200.jpg 300w, https:\/\/elinformanteperu.com\/wp-content\/uploads\/2017\/04\/barcelona-osuna-messi-768x511.jpg 768w, https:\/\/elinformanteperu.com\/wp-content\/uploads\/2017\/04\/barcelona-osuna-messi-1024x682.jpg 1024w, https:\/\/elinformanteperu.com\/wp-content\/uploads\/2017\/04\/barcelona-osuna-messi-128x85.jpg 128w, https:\/\/elinformanteperu.com\/wp-content\/uploads\/2017\/04\/barcelona-osuna-messi-32x21.jpg 32w\" sizes=\"(max-width: 1800px) 100vw, 1800px\" \/><\/p>\n","protected":false},"excerpt":{"rendered":"<p>Javier Mascherano, el &#8216;Jefecito&#8217;, puso un punto y seguido en su carrera al marcharse al Hebei Fortune chino, poniendo fin a siete a\u00f1os y medio en el Barcelona. Barcelona, 24 Enero 2018, (ANDINA).- Un emocionado Javier Mascherano, el &#8216;Jefecito&#8217;, puso un punto y seguido en su carrera al marcharse al Hebei Fortune chino, poniendo fin [&hellip;]<\/p>\n","protected":false},"author":1,"featured_media":21712,"comment_status":"open","ping_status":"open","sticky":false,"template":"","format":"standard","meta":{"rop_custom_images_group":[],"rop_custom_messages_group":[],"rop_publish_now":"initial","rop_publish_now_accounts":[],"rop_publish_now_history":[],"rop_publish_now_status":"pending","footnotes":""},"categories":[8],"tags":[303,2392],"class_list":["post-21711","post","type-post","status-publish","format-standard","has-post-thumbnail","hentry","category-disciplinas-deportivas","tag-barcelona","tag-javier-mascherano"],"_links":{"self":[{"href":"https:\/\/elinformanteperu.com\/index.php\/wp-json\/wp\/v2\/posts\/21711","targetHints":{"allow":["GET"]}}],"collection":[{"href":"https:\/\/elinformanteperu.com\/index.php\/wp-json\/wp\/v2\/posts"}],"about":[{"href":"https:\/\/elinformanteperu.com\/index.php\/wp-json\/wp\/v2\/types\/post"}],"author":[{"embeddable":true,"href":"https:\/\/elinformanteperu.com\/index.php\/wp-json\/wp\/v2\/users\/1"}],"replies":[{"embeddable":true,"href":"https:\/\/elinformanteperu.com\/index.php\/wp-json\/wp\/v2\/comments?post=21711"}],"version-history":[{"count":1,"href":"https:\/\/elinformanteperu.com\/index.php\/wp-json\/wp\/v2\/posts\/21711\/revisions"}],"predecessor-version":[{"id":21713,"href":"https:\/\/elinformanteperu.com\/index.php\/wp-json\/wp\/v2\/posts\/21711\/revisions\/21713"}],"wp:featuredmedia":[{"embeddable":true,"href":"https:\/\/elinformanteperu.com\/index.php\/wp-json\/wp\/v2\/media\/21712"}],"wp:attachment":[{"href":"https:\/\/elinformanteperu.com\/index.php\/wp-json\/wp\/v2\/media?parent=21711"}],"wp:term":[{"taxonomy":"category","embeddable":true,"href":"https:\/\/elinformanteperu.com\/index.php\/wp-json\/wp\/v2\/categories?post=21711"},{"taxonomy":"post_tag","embeddable":true,"href":"https:\/\/elinformanteperu.com\/index.php\/wp-json\/wp\/v2\/tags?post=21711"}],"curies":[{"name":"wp","href":"https:\/\/api.w.org\/{rel}","templated":true}]}}