{"id":21513,"date":"2018-01-21T21:17:53","date_gmt":"2018-01-22T02:17:53","guid":{"rendered":"http:\/\/elinformanteperu.com\/?p=21513"},"modified":"2018-01-21T21:17:53","modified_gmt":"2018-01-22T02:17:53","slug":"papa-francisco-algunas-de-las-peticiones-que-le-hicieron-los-peruanos","status":"publish","type":"post","link":"https:\/\/elinformanteperu.com\/index.php\/2018\/01\/21\/papa-francisco-algunas-de-las-peticiones-que-le-hicieron-los-peruanos\/","title":{"rendered":"Papa Francisco: algunas de las peticiones que le hicieron los peruanos"},"content":{"rendered":"<p><strong><span style=\"color: #000000;\">La visita del Papa Francisco a nuestro pa\u00eds ha sacado a flote toda la fe cat\u00f3lica que a veces los creyentes por desidia dejan de lado.\u00a0<\/span><\/strong><\/p>\n<p><span style=\"color: #000000;\"><strong>Lima, 21 Enero 2018, (ANDINA).-<\/strong> La visita del Papa Francisco a nuestro pa\u00eds ha sacado a flote toda la fe cat\u00f3lica que a veces los creyentes por desidia dejan de lado. Su presencia ha despertado a quienes ten\u00edan dormidas sus creencias religiosas y eso se manifiesta en los miles de pedidos y deseos que le expresaron a lo largo de su recorrido por tres ciudades del pa\u00eds.<\/span><\/p>\n<p><span style=\"color: #000000;\">Los miles de personas que lo esperaron por todos los caminos que sigui\u00f3 el Santo Padre le manifestaron en carteles su m\u00e1s caros deseos. Una peque\u00f1a ni\u00f1a de 9 a\u00f1os, quien se identific\u00f3 como Isabella, le solicitaba a Francisco que la bautizara.<\/span><\/p>\n<p><span style=\"color: #000000;\">Otra mujer le dec\u00eda en su pancarta que hoy era su cumplea\u00f1os y le ped\u00eda su bendici\u00f3n en este d\u00eda tan especial para ella.<\/span><\/p>\n<p><span style=\"color: #000000;\">En otro cartel se pod\u00eda leer que una jovencita que se identific\u00f3 como Alondra le ped\u00eda al Sumo Pont\u00edfice que bendijera su futuro hermanito o hermanita que est\u00e1 por nacer.<\/span><\/p>\n<p><span style=\"color: #000000;\">Tambi\u00e9n se pudo apreciar a otras personas que clamaban por la bendici\u00f3n de Francisco a sus hogares o a sus negocios.<\/span><\/p>\n<p><span style=\"color: #000000;\">Fueron m\u00faltiples las iniciativas de los fieles para aprovechar la presencia del Vicario de Cristo y lograr para s\u00ed un poco de su buena vibra, de su mensaje esperanzador y de su infinita simpat\u00eda y ternura.<\/span><\/p>\n<p><span style=\"color: #000000;\">Por eso una pareja de novios &#8211; ella colombiana y el peruano &#8211; no dudaron en llegar hasta los exteriores de la Nunciatura vestidos con sus atuendos para casarse. Su esperanza era que el Santo Padre les impartiera el sacramento del matrimonio, tal como lo hizo con una pareja de novios tripulantes del avi\u00f3n que lo trajo a Lima.<\/span><\/p>\n<p><span style=\"color: #000000;\">Con similares intenciones llegaron otros fieles, portando sus im\u00e1genes del Se\u00f1or de los Milagros o de la Virgen de Guadalupe y de otros religiosos.<\/span><\/p>\n<p><span style=\"color: #000000;\">Sin duda, la presencia de Francisco en el Per\u00fa ha marcado un hito en la historia del catolicismo en el Per\u00fa y en la forma de ver la fe de nuestro pueblo.<\/span><\/p>\n<p><img fetchpriority=\"high\" decoding=\"async\" class=\"aligncenter size-full wp-image-21515\" src=\"http:\/\/elinformanteperu.com\/wp-content\/uploads\/2018\/01\/PAPA-PETICIONES1.jpg\" alt=\"\" width=\"500\" height=\"333\" srcset=\"https:\/\/elinformanteperu.com\/wp-content\/uploads\/2018\/01\/PAPA-PETICIONES1.jpg 500w, https:\/\/elinformanteperu.com\/wp-content\/uploads\/2018\/01\/PAPA-PETICIONES1-300x200.jpg 300w, https:\/\/elinformanteperu.com\/wp-content\/uploads\/2018\/01\/PAPA-PETICIONES1-128x85.jpg 128w, https:\/\/elinformanteperu.com\/wp-content\/uploads\/2018\/01\/PAPA-PETICIONES1-32x21.jpg 32w\" sizes=\"(max-width: 500px) 100vw, 500px\" \/><\/p>\n","protected":false},"excerpt":{"rendered":"<p>La visita del Papa Francisco a nuestro pa\u00eds ha sacado a flote toda la fe cat\u00f3lica que a veces los creyentes por desidia dejan de lado.\u00a0 Lima, 21 Enero 2018, (ANDINA).- La visita del Papa Francisco a nuestro pa\u00eds ha sacado a flote toda la fe cat\u00f3lica que a veces los creyentes por desidia dejan [&hellip;]<\/p>\n","protected":false},"author":1,"featured_media":21514,"comment_status":"open","ping_status":"open","sticky":false,"template":"","format":"standard","meta":{"rop_custom_images_group":[],"rop_custom_messages_group":[],"rop_publish_now":"initial","rop_publish_now_accounts":[],"rop_publish_now_history":[],"rop_publish_now_status":"pending","footnotes":""},"categories":[10],"tags":[1140,2201],"class_list":["post-21513","post","type-post","status-publish","format-standard","has-post-thumbnail","hentry","category-actualidad-municipal","tag-papa-francisco","tag-papa-francisco-en-peru"],"_links":{"self":[{"href":"https:\/\/elinformanteperu.com\/index.php\/wp-json\/wp\/v2\/posts\/21513","targetHints":{"allow":["GET"]}}],"collection":[{"href":"https:\/\/elinformanteperu.com\/index.php\/wp-json\/wp\/v2\/posts"}],"about":[{"href":"https:\/\/elinformanteperu.com\/index.php\/wp-json\/wp\/v2\/types\/post"}],"author":[{"embeddable":true,"href":"https:\/\/elinformanteperu.com\/index.php\/wp-json\/wp\/v2\/users\/1"}],"replies":[{"embeddable":true,"href":"https:\/\/elinformanteperu.com\/index.php\/wp-json\/wp\/v2\/comments?post=21513"}],"version-history":[{"count":1,"href":"https:\/\/elinformanteperu.com\/index.php\/wp-json\/wp\/v2\/posts\/21513\/revisions"}],"predecessor-version":[{"id":21516,"href":"https:\/\/elinformanteperu.com\/index.php\/wp-json\/wp\/v2\/posts\/21513\/revisions\/21516"}],"wp:featuredmedia":[{"embeddable":true,"href":"https:\/\/elinformanteperu.com\/index.php\/wp-json\/wp\/v2\/media\/21514"}],"wp:attachment":[{"href":"https:\/\/elinformanteperu.com\/index.php\/wp-json\/wp\/v2\/media?parent=21513"}],"wp:term":[{"taxonomy":"category","embeddable":true,"href":"https:\/\/elinformanteperu.com\/index.php\/wp-json\/wp\/v2\/categories?post=21513"},{"taxonomy":"post_tag","embeddable":true,"href":"https:\/\/elinformanteperu.com\/index.php\/wp-json\/wp\/v2\/tags?post=21513"}],"curies":[{"name":"wp","href":"https:\/\/api.w.org\/{rel}","templated":true}]}}