{"id":21334,"date":"2018-01-19T23:56:08","date_gmt":"2018-01-20T04:56:08","guid":{"rendered":"http:\/\/elinformanteperu.com\/?p=21334"},"modified":"2018-01-19T23:56:08","modified_gmt":"2018-01-20T04:56:08","slug":"trujillo-disponen-embanderamiento-de-viviendas-para-recibir-al-papa-francisco","status":"publish","type":"post","link":"https:\/\/elinformanteperu.com\/index.php\/2018\/01\/19\/trujillo-disponen-embanderamiento-de-viviendas-para-recibir-al-papa-francisco\/","title":{"rendered":"Trujillo: disponen embanderamiento de viviendas para recibir al Papa Francisco"},"content":{"rendered":"<p><strong><span style=\"color: #000000;\">La Municipalidad Provincial de Trujillo en la regi\u00f3n La Libertad, invoca a la ciudadan\u00eda a realizar el embanderamiento de sus viviendas ante la llegada del Papa Francisco.<\/span><\/strong><\/p>\n<p><span style=\"color: #000000;\"><strong>Trujillo, 19 Enero 2018, (ANDINA).-<\/strong> La Municipalidad Provincial de Trujillo (MPT), en la regi\u00f3n La Libertad, invoca a la ciudadan\u00eda a realizar el embanderamiento de sus viviendas ante la llegada ma\u00f1ana del Papa Francisco a esta ciudad norte\u00f1a.<\/span><\/p>\n<p><span style=\"color: #000000;\">As\u00ed lo dispone la Ordenanza Municipal 017-2017-MPT.<\/span><\/p>\n<p><span style=\"color: #000000;\">Ma\u00f1ana 20 de enero, destaca el municipio, ser\u00e1 una fecha muy importante para la ciudad de Trujillo por la presencia del Santo Padre, as\u00ed como por los miles de turistas que visitar\u00e1n la ciudad para presenciar las actividades que cumplir\u00e1.<\/span><\/p>\n<p><strong><span style=\"color: #000000;\">C\u00e1maras de Vigilancia<\/span><\/strong><\/p>\n<p><span style=\"color: #000000;\">De otro lado, la MPT inform\u00f3 que alrededor de 300 c\u00e1maras de videovigilancia estar\u00e1n alertas para el resguardando de los ciudadanos y peregrinos en toda la provincia, gracias a que la central de Tr\u00e1fico, Riesgo y Monitoreo de Trujillo ha sido interconectada con las centrales de V\u00edctor Larco y Huanchaco, en el marco de la visita del Papa Francisco.<\/span><\/p>\n<p><img fetchpriority=\"high\" decoding=\"async\" class=\"aligncenter size-full wp-image-21324\" src=\"http:\/\/elinformanteperu.com\/wp-content\/uploads\/2018\/01\/papa-madre-de-dios9.jpg\" alt=\"\" width=\"1800\" height=\"1200\" srcset=\"https:\/\/elinformanteperu.com\/wp-content\/uploads\/2018\/01\/papa-madre-de-dios9.jpg 1800w, https:\/\/elinformanteperu.com\/wp-content\/uploads\/2018\/01\/papa-madre-de-dios9-300x200.jpg 300w, https:\/\/elinformanteperu.com\/wp-content\/uploads\/2018\/01\/papa-madre-de-dios9-768x512.jpg 768w, https:\/\/elinformanteperu.com\/wp-content\/uploads\/2018\/01\/papa-madre-de-dios9-1024x683.jpg 1024w, https:\/\/elinformanteperu.com\/wp-content\/uploads\/2018\/01\/papa-madre-de-dios9-128x85.jpg 128w, https:\/\/elinformanteperu.com\/wp-content\/uploads\/2018\/01\/papa-madre-de-dios9-32x21.jpg 32w\" sizes=\"(max-width: 1800px) 100vw, 1800px\" \/><\/p>\n","protected":false},"excerpt":{"rendered":"<p>La Municipalidad Provincial de Trujillo en la regi\u00f3n La Libertad, invoca a la ciudadan\u00eda a realizar el embanderamiento de sus viviendas ante la llegada del Papa Francisco. Trujillo, 19 Enero 2018, (ANDINA).- La Municipalidad Provincial de Trujillo (MPT), en la regi\u00f3n La Libertad, invoca a la ciudadan\u00eda a realizar el embanderamiento de sus viviendas ante [&hellip;]<\/p>\n","protected":false},"author":1,"featured_media":21335,"comment_status":"open","ping_status":"open","sticky":false,"template":"","format":"standard","meta":{"rop_custom_images_group":[],"rop_custom_messages_group":[],"rop_publish_now":"initial","rop_publish_now_accounts":[],"rop_publish_now_history":[],"rop_publish_now_status":"pending","footnotes":""},"categories":[10],"tags":[1140,2201],"class_list":["post-21334","post","type-post","status-publish","format-standard","has-post-thumbnail","hentry","category-actualidad-municipal","tag-papa-francisco","tag-papa-francisco-en-peru"],"_links":{"self":[{"href":"https:\/\/elinformanteperu.com\/index.php\/wp-json\/wp\/v2\/posts\/21334","targetHints":{"allow":["GET"]}}],"collection":[{"href":"https:\/\/elinformanteperu.com\/index.php\/wp-json\/wp\/v2\/posts"}],"about":[{"href":"https:\/\/elinformanteperu.com\/index.php\/wp-json\/wp\/v2\/types\/post"}],"author":[{"embeddable":true,"href":"https:\/\/elinformanteperu.com\/index.php\/wp-json\/wp\/v2\/users\/1"}],"replies":[{"embeddable":true,"href":"https:\/\/elinformanteperu.com\/index.php\/wp-json\/wp\/v2\/comments?post=21334"}],"version-history":[{"count":1,"href":"https:\/\/elinformanteperu.com\/index.php\/wp-json\/wp\/v2\/posts\/21334\/revisions"}],"predecessor-version":[{"id":21336,"href":"https:\/\/elinformanteperu.com\/index.php\/wp-json\/wp\/v2\/posts\/21334\/revisions\/21336"}],"wp:featuredmedia":[{"embeddable":true,"href":"https:\/\/elinformanteperu.com\/index.php\/wp-json\/wp\/v2\/media\/21335"}],"wp:attachment":[{"href":"https:\/\/elinformanteperu.com\/index.php\/wp-json\/wp\/v2\/media?parent=21334"}],"wp:term":[{"taxonomy":"category","embeddable":true,"href":"https:\/\/elinformanteperu.com\/index.php\/wp-json\/wp\/v2\/categories?post=21334"},{"taxonomy":"post_tag","embeddable":true,"href":"https:\/\/elinformanteperu.com\/index.php\/wp-json\/wp\/v2\/tags?post=21334"}],"curies":[{"name":"wp","href":"https:\/\/api.w.org\/{rel}","templated":true}]}}