{"id":21330,"date":"2018-01-19T23:51:46","date_gmt":"2018-01-20T04:51:46","guid":{"rendered":"http:\/\/elinformanteperu.com\/?p=21330"},"modified":"2018-01-20T00:59:45","modified_gmt":"2018-01-20T05:59:45","slug":"joven-huerfana-ofrecio-su-testimonio-de-vida-a-papa-francisco","status":"publish","type":"post","link":"https:\/\/elinformanteperu.com\/index.php\/2018\/01\/19\/joven-huerfana-ofrecio-su-testimonio-de-vida-a-papa-francisco\/","title":{"rendered":"Joven hu\u00e9rfana ofreci\u00f3 su testimonio de vida a Papa Francisco"},"content":{"rendered":"<p><span style=\"color: #000000;\"><strong>El Papa Francisco\u00a0 escuch\u00f3 con mucho inter\u00e9s el testimonio de vida de una joven, que siendo ni\u00f1a fue acogida en este recinto.<\/strong><\/span><\/p>\n<p><span style=\"color: #000000;\"><strong>Puerto Maldonado, 19 Enero 2018, (ANDINA).-<\/strong> El Papa Francisco al visitar el hogar El Principito, en Puerto Maldonado, regi\u00f3n Madre de Dios, escuch\u00f3 con mucho inter\u00e9s el testimonio de vida de una joven, que siendo ni\u00f1a fue acogida en este recinto luego de quedar hu\u00e9rfana.<\/span><\/p>\n<p><span style=\"color: #000000;\">Con mucha emoci\u00f3n ante la presencia del Santo Padre, Mirtha Higarita, de 24 a\u00f1os de edad, relat\u00f3 que hace 13 a\u00f1os perdi\u00f3 a sus padres y otros familiares cuando el auto que los llevaba de Puerto Maldonado a su pueblo de Iberia, en la provincia de Tahuamanu, cay\u00f3 al r\u00edo.<\/span><\/p>\n<p><span style=\"color: #000000;\">Nunca los podr\u00e1 olvidar, dijo, pero pese a la falta que le hace sus progenitores y parientes, aprendi\u00f3 a sobresalir sin ellos.<\/span><\/p>\n<p><span style=\"color: #000000;\">La joven record\u00f3 que el 15 de agosto del 2005, detr\u00e1s de llantos y tristeza, apareci\u00f3 una luz de esperanza: el hogar San Vicente ahora llamado El Principito o a cargo del padre Xavier Arbex de Morsier, donde recibi\u00f3 apoyo y amor al igual que otros chicos y chicas hu\u00e9rfanos o v\u00edctimas que en adelante formaron una nueva familia.<\/span><\/p>\n<p><span style=\"color: #000000;\">\u201cA mis educadores y al padrecito (Xavier) por suplir el vac\u00edo que sent\u00eda. Gracias por el amor incondicional que nos hace sentir en casa hasta hoy\u201d, enfatiz\u00f3.<\/span><\/p>\n<p><span style=\"color: #000000;\">Mirtha tambi\u00e9n mencion\u00f3 que actualmente reside en Tacna, donde est\u00e1 culminando la carrera de psicolog\u00eda, pues gracias a una beca otorgada por la Asociaci\u00f3n Apronia comenz\u00f3 a estudiar. Luego comenz\u00f3 a vender zapatos y ahora hasta los exporta a chile. \u201cMe va bien y puedo pagar mis estudios. Trabajo adem\u00e1s en una empresa hotelera y estoy aprendiendo ingl\u00e9s\u201d, coment\u00f3.<\/span><\/p>\n<p><span style=\"color: #000000;\">Dirigi\u00e9ndose al Papa Francisco, la joven manifest\u00f3 que el mensaje del Santo Padre sea una luz de esperanza y reflexi\u00f3n en cada uno de los peruanos para vencer toda adversidad y ser testigo de la bondad del Se\u00f1or. \u201cGracias por su visita, lo queremos\u201d, finaliz\u00f3.<\/span><\/p>\n<p><img fetchpriority=\"high\" decoding=\"async\" class=\"aligncenter size-full wp-image-21331\" src=\"http:\/\/elinformanteperu.com\/wp-content\/uploads\/2018\/01\/papa-madre-de-dios12.jpg\" alt=\"\" width=\"1800\" height=\"1200\" srcset=\"https:\/\/elinformanteperu.com\/wp-content\/uploads\/2018\/01\/papa-madre-de-dios12.jpg 1800w, https:\/\/elinformanteperu.com\/wp-content\/uploads\/2018\/01\/papa-madre-de-dios12-300x200.jpg 300w, https:\/\/elinformanteperu.com\/wp-content\/uploads\/2018\/01\/papa-madre-de-dios12-768x512.jpg 768w, https:\/\/elinformanteperu.com\/wp-content\/uploads\/2018\/01\/papa-madre-de-dios12-1024x683.jpg 1024w, https:\/\/elinformanteperu.com\/wp-content\/uploads\/2018\/01\/papa-madre-de-dios12-128x85.jpg 128w, https:\/\/elinformanteperu.com\/wp-content\/uploads\/2018\/01\/papa-madre-de-dios12-32x21.jpg 32w\" sizes=\"(max-width: 1800px) 100vw, 1800px\" \/><\/p>\n","protected":false},"excerpt":{"rendered":"<p>El Papa Francisco\u00a0 escuch\u00f3 con mucho inter\u00e9s el testimonio de vida de una joven, que siendo ni\u00f1a fue acogida en este recinto. Puerto Maldonado, 19 Enero 2018, (ANDINA).- El Papa Francisco al visitar el hogar El Principito, en Puerto Maldonado, regi\u00f3n Madre de Dios, escuch\u00f3 con mucho inter\u00e9s el testimonio de vida de una joven, [&hellip;]<\/p>\n","protected":false},"author":1,"featured_media":21332,"comment_status":"open","ping_status":"open","sticky":false,"template":"","format":"standard","meta":{"rop_custom_images_group":[],"rop_custom_messages_group":[],"rop_publish_now":"initial","rop_publish_now_accounts":[],"rop_publish_now_history":[],"rop_publish_now_status":"pending","footnotes":""},"categories":[10],"tags":[1140,2201],"class_list":["post-21330","post","type-post","status-publish","format-standard","has-post-thumbnail","hentry","category-actualidad-municipal","tag-papa-francisco","tag-papa-francisco-en-peru"],"_links":{"self":[{"href":"https:\/\/elinformanteperu.com\/index.php\/wp-json\/wp\/v2\/posts\/21330","targetHints":{"allow":["GET"]}}],"collection":[{"href":"https:\/\/elinformanteperu.com\/index.php\/wp-json\/wp\/v2\/posts"}],"about":[{"href":"https:\/\/elinformanteperu.com\/index.php\/wp-json\/wp\/v2\/types\/post"}],"author":[{"embeddable":true,"href":"https:\/\/elinformanteperu.com\/index.php\/wp-json\/wp\/v2\/users\/1"}],"replies":[{"embeddable":true,"href":"https:\/\/elinformanteperu.com\/index.php\/wp-json\/wp\/v2\/comments?post=21330"}],"version-history":[{"count":2,"href":"https:\/\/elinformanteperu.com\/index.php\/wp-json\/wp\/v2\/posts\/21330\/revisions"}],"predecessor-version":[{"id":21358,"href":"https:\/\/elinformanteperu.com\/index.php\/wp-json\/wp\/v2\/posts\/21330\/revisions\/21358"}],"wp:featuredmedia":[{"embeddable":true,"href":"https:\/\/elinformanteperu.com\/index.php\/wp-json\/wp\/v2\/media\/21332"}],"wp:attachment":[{"href":"https:\/\/elinformanteperu.com\/index.php\/wp-json\/wp\/v2\/media?parent=21330"}],"wp:term":[{"taxonomy":"category","embeddable":true,"href":"https:\/\/elinformanteperu.com\/index.php\/wp-json\/wp\/v2\/categories?post=21330"},{"taxonomy":"post_tag","embeddable":true,"href":"https:\/\/elinformanteperu.com\/index.php\/wp-json\/wp\/v2\/tags?post=21330"}],"curies":[{"name":"wp","href":"https:\/\/api.w.org\/{rel}","templated":true}]}}