{"id":21327,"date":"2018-01-19T23:33:28","date_gmt":"2018-01-20T04:33:28","guid":{"rendered":"http:\/\/elinformanteperu.com\/?p=21327"},"modified":"2018-01-19T23:33:28","modified_gmt":"2018-01-20T04:33:28","slug":"papa-francisco-se-despide-de-puerto-maldonado-y-enrumba-a-lima","status":"publish","type":"post","link":"https:\/\/elinformanteperu.com\/index.php\/2018\/01\/19\/papa-francisco-se-despide-de-puerto-maldonado-y-enrumba-a-lima\/","title":{"rendered":"Papa Francisco se despide de Puerto Maldonado y enrumba a Lima"},"content":{"rendered":"<p><strong><span style=\"color: #000000;\">En medio de un ambiente de algarab\u00eda cientos de ni\u00f1os, j\u00f3venes y adultos se congregan en los exteriores del aeropuerto de Puerto Maldonado para despedir al Papa.<\/span><\/strong><\/p>\n<p><span style=\"color: #000000;\"><strong>Lima, 19 Enero 2018, (ANDINA).-<\/strong> En medio de un ambiente de algarab\u00eda cientos de ni\u00f1os, j\u00f3venes y adultos se congregan en los exteriores del aeropuerto de Puerto Maldonado para despedir al Papa Francisco que culmina su visita a esta ciudad.<\/span><\/p>\n<p><span style=\"color: #000000;\">Dentro del terminal a\u00e9reo se encuentran ni\u00f1os de tres parroquias quienes despiden con cantos y saludos al Papa Francisco que se dirige al avi\u00f3n acompa\u00f1ado del obispo vicario de Puerto Maldonado, David Mart\u00ednez de Aguirre, de quien se despidi\u00f3 con un abrazo.<\/span><\/p>\n<p><img fetchpriority=\"high\" decoding=\"async\" class=\"aligncenter size-full wp-image-21318\" src=\"http:\/\/elinformanteperu.com\/wp-content\/uploads\/2018\/01\/papa-madre-de-dios7.jpg\" alt=\"\" width=\"500\" height=\"333\" srcset=\"https:\/\/elinformanteperu.com\/wp-content\/uploads\/2018\/01\/papa-madre-de-dios7.jpg 500w, https:\/\/elinformanteperu.com\/wp-content\/uploads\/2018\/01\/papa-madre-de-dios7-300x200.jpg 300w, https:\/\/elinformanteperu.com\/wp-content\/uploads\/2018\/01\/papa-madre-de-dios7-128x85.jpg 128w, https:\/\/elinformanteperu.com\/wp-content\/uploads\/2018\/01\/papa-madre-de-dios7-32x21.jpg 32w\" sizes=\"(max-width: 500px) 100vw, 500px\" \/><\/p>\n","protected":false},"excerpt":{"rendered":"<p>En medio de un ambiente de algarab\u00eda cientos de ni\u00f1os, j\u00f3venes y adultos se congregan en los exteriores del aeropuerto de Puerto Maldonado para despedir al Papa. Lima, 19 Enero 2018, (ANDINA).- En medio de un ambiente de algarab\u00eda cientos de ni\u00f1os, j\u00f3venes y adultos se congregan en los exteriores del aeropuerto de Puerto Maldonado [&hellip;]<\/p>\n","protected":false},"author":1,"featured_media":21328,"comment_status":"open","ping_status":"open","sticky":false,"template":"","format":"standard","meta":{"rop_custom_images_group":[],"rop_custom_messages_group":[],"rop_publish_now":"initial","rop_publish_now_accounts":[],"rop_publish_now_history":[],"rop_publish_now_status":"pending","footnotes":""},"categories":[10],"tags":[1140,2201],"class_list":["post-21327","post","type-post","status-publish","format-standard","has-post-thumbnail","hentry","category-actualidad-municipal","tag-papa-francisco","tag-papa-francisco-en-peru"],"_links":{"self":[{"href":"https:\/\/elinformanteperu.com\/index.php\/wp-json\/wp\/v2\/posts\/21327","targetHints":{"allow":["GET"]}}],"collection":[{"href":"https:\/\/elinformanteperu.com\/index.php\/wp-json\/wp\/v2\/posts"}],"about":[{"href":"https:\/\/elinformanteperu.com\/index.php\/wp-json\/wp\/v2\/types\/post"}],"author":[{"embeddable":true,"href":"https:\/\/elinformanteperu.com\/index.php\/wp-json\/wp\/v2\/users\/1"}],"replies":[{"embeddable":true,"href":"https:\/\/elinformanteperu.com\/index.php\/wp-json\/wp\/v2\/comments?post=21327"}],"version-history":[{"count":1,"href":"https:\/\/elinformanteperu.com\/index.php\/wp-json\/wp\/v2\/posts\/21327\/revisions"}],"predecessor-version":[{"id":21329,"href":"https:\/\/elinformanteperu.com\/index.php\/wp-json\/wp\/v2\/posts\/21327\/revisions\/21329"}],"wp:featuredmedia":[{"embeddable":true,"href":"https:\/\/elinformanteperu.com\/index.php\/wp-json\/wp\/v2\/media\/21328"}],"wp:attachment":[{"href":"https:\/\/elinformanteperu.com\/index.php\/wp-json\/wp\/v2\/media?parent=21327"}],"wp:term":[{"taxonomy":"category","embeddable":true,"href":"https:\/\/elinformanteperu.com\/index.php\/wp-json\/wp\/v2\/categories?post=21327"},{"taxonomy":"post_tag","embeddable":true,"href":"https:\/\/elinformanteperu.com\/index.php\/wp-json\/wp\/v2\/tags?post=21327"}],"curies":[{"name":"wp","href":"https:\/\/api.w.org\/{rel}","templated":true}]}}