{"id":21323,"date":"2018-01-19T23:28:46","date_gmt":"2018-01-20T04:28:46","guid":{"rendered":"http:\/\/elinformanteperu.com\/?p=21323"},"modified":"2018-01-19T23:28:46","modified_gmt":"2018-01-20T04:28:46","slug":"papa-francisco-internos-de-penal-de-puerto-maldonado-recibieron-bendicion","status":"publish","type":"post","link":"https:\/\/elinformanteperu.com\/index.php\/2018\/01\/19\/papa-francisco-internos-de-penal-de-puerto-maldonado-recibieron-bendicion\/","title":{"rendered":"Papa Francisco: internos de penal de Puerto Maldonado recibieron bendici\u00f3n"},"content":{"rendered":"<p><strong><span style=\"color: #000000;\">Un total de 25 internos del penal de Puerto Maldonado fueron bendecidos por el Papa a su paso por el establecimiento penitenciario.<\/span><\/strong><\/p>\n<p><span style=\"color: #000000;\"><strong>Puerto Maldonado, 19 Enero 2018, (ANDINA).-<\/strong> Un total de 25 internos del penal de Puerto Maldonado fueron bendecidos por el Papa a su paso por el establecimiento penitenciario durante su visita a la capital de Madre de Dios.<\/span><\/p>\n<p><span style=\"color: #000000;\">Apostados en el frontis del penal el grupo de 20 internos en un estrado realizaron una coreograf\u00eda con banderas blancas y amarillas teniendo como fondo musical la reconocida melod\u00eda instrumental \u201cLa misi\u00f3n\u201d.<\/span><\/p>\n<p><span style=\"color: #000000;\">Vestidos de blanco y descalzos, los internos hondearon las banderas expresando mensajes de paz y esperanza y un sentido Santo Padre.<\/span><\/p>\n<p><span style=\"color: #000000;\">El n\u00famero art\u00edstico culmin\u00f3 con el rezo de la Oraci\u00f3n Nacional que consta de 4 estrofas: Dios, Padre Misericordioso, Se\u00f1or Jesucristo, Esp\u00edritu Santo, Gu\u00eda de la Iglesia y Virgen Mar\u00eda, Madre de la Iglesia.<\/span><\/p>\n<p><span style=\"color: #000000;\">Adem\u00e1s, fueron 5 internas quienes ten\u00edan previsto la entrega de una escultura de San Francisco de As\u00eds, elaborada en madera y finamente tallada en el taller de trabajo del penal, que tambi\u00e9n fue bendecida la cual, a partir de hoy, tendr\u00e1 un lugar especial en el reclusorio.<\/span><\/p>\n<p><span style=\"color: #000000;\">Esta actividad cont\u00f3 con la participaci\u00f3n del presidente y vicepresidente del Consejo Nacional Penitenciario, Carlos V\u00e1squez Ganoza y Javier Llaque Moya, respectivamente.<\/span><\/p>\n<p><span style=\"color: #000000;\">El establecimiento penitenciario de Puerto Maldonado se encuentra bajo la direcci\u00f3n de Joel Quezada M\u00e1rquez. La poblaci\u00f3n penitenciaria es de 893 internos (841 varones y 52 mujeres y 3 ni\u00f1os por reclusi\u00f3n de sus madres).<\/span><\/p>\n<p><img fetchpriority=\"high\" decoding=\"async\" class=\"aligncenter size-full wp-image-21325\" src=\"http:\/\/elinformanteperu.com\/wp-content\/uploads\/2018\/01\/papa-madre-de-dios10.jpg\" alt=\"\" width=\"500\" height=\"333\" srcset=\"https:\/\/elinformanteperu.com\/wp-content\/uploads\/2018\/01\/papa-madre-de-dios10.jpg 500w, https:\/\/elinformanteperu.com\/wp-content\/uploads\/2018\/01\/papa-madre-de-dios10-300x200.jpg 300w, https:\/\/elinformanteperu.com\/wp-content\/uploads\/2018\/01\/papa-madre-de-dios10-128x85.jpg 128w, https:\/\/elinformanteperu.com\/wp-content\/uploads\/2018\/01\/papa-madre-de-dios10-32x21.jpg 32w\" sizes=\"(max-width: 500px) 100vw, 500px\" \/><\/p>\n","protected":false},"excerpt":{"rendered":"<p>Un total de 25 internos del penal de Puerto Maldonado fueron bendecidos por el Papa a su paso por el establecimiento penitenciario. Puerto Maldonado, 19 Enero 2018, (ANDINA).- Un total de 25 internos del penal de Puerto Maldonado fueron bendecidos por el Papa a su paso por el establecimiento penitenciario durante su visita a la [&hellip;]<\/p>\n","protected":false},"author":1,"featured_media":21324,"comment_status":"open","ping_status":"open","sticky":false,"template":"","format":"standard","meta":{"rop_custom_images_group":[],"rop_custom_messages_group":[],"rop_publish_now":"initial","rop_publish_now_accounts":[],"rop_publish_now_history":[],"rop_publish_now_status":"pending","footnotes":""},"categories":[10],"tags":[1140,2201],"class_list":["post-21323","post","type-post","status-publish","format-standard","has-post-thumbnail","hentry","category-actualidad-municipal","tag-papa-francisco","tag-papa-francisco-en-peru"],"_links":{"self":[{"href":"https:\/\/elinformanteperu.com\/index.php\/wp-json\/wp\/v2\/posts\/21323","targetHints":{"allow":["GET"]}}],"collection":[{"href":"https:\/\/elinformanteperu.com\/index.php\/wp-json\/wp\/v2\/posts"}],"about":[{"href":"https:\/\/elinformanteperu.com\/index.php\/wp-json\/wp\/v2\/types\/post"}],"author":[{"embeddable":true,"href":"https:\/\/elinformanteperu.com\/index.php\/wp-json\/wp\/v2\/users\/1"}],"replies":[{"embeddable":true,"href":"https:\/\/elinformanteperu.com\/index.php\/wp-json\/wp\/v2\/comments?post=21323"}],"version-history":[{"count":1,"href":"https:\/\/elinformanteperu.com\/index.php\/wp-json\/wp\/v2\/posts\/21323\/revisions"}],"predecessor-version":[{"id":21326,"href":"https:\/\/elinformanteperu.com\/index.php\/wp-json\/wp\/v2\/posts\/21323\/revisions\/21326"}],"wp:featuredmedia":[{"embeddable":true,"href":"https:\/\/elinformanteperu.com\/index.php\/wp-json\/wp\/v2\/media\/21324"}],"wp:attachment":[{"href":"https:\/\/elinformanteperu.com\/index.php\/wp-json\/wp\/v2\/media?parent=21323"}],"wp:term":[{"taxonomy":"category","embeddable":true,"href":"https:\/\/elinformanteperu.com\/index.php\/wp-json\/wp\/v2\/categories?post=21323"},{"taxonomy":"post_tag","embeddable":true,"href":"https:\/\/elinformanteperu.com\/index.php\/wp-json\/wp\/v2\/tags?post=21323"}],"curies":[{"name":"wp","href":"https:\/\/api.w.org\/{rel}","templated":true}]}}